[{"@context":"https:\/\/schema.org\/","@type":"Article","@id":"https:\/\/www.josu.cz\/zvetsete-prostor-aspon-opticky\/#Article","mainEntityOfPage":"https:\/\/www.josu.cz\/zvetsete-prostor-aspon-opticky\/","headline":"Zv\u011bt\u0161ete prostor aspo\u0148 opticky","name":"Zv\u011bt\u0161ete prostor aspo\u0148 opticky","description":"Pokud m\u00e1 \u010dlov\u011bk k dispozici pouze mal\u00fd prostor, nejednou mu to vad\u00ed. Proto\u017ee to v\u00edte \u2013 kolikr\u00e1t se na n\u011bj pod\u00edv\u00e1 soustrastn\u011b n\u011bkdo z t\u011bch, kdo je na tom l\u00e9pe, kolikr\u00e1t se mu n\u011bkdo i vysloven\u011b posm\u00edv\u00e1 a deklasuje ho! A i kdyby tomu tak snad nebylo, je \u010dasto dost dob\u0159e mo\u017en\u00e9, \u017ee se \u010dlov\u011bk [&hellip;]","datePublished":"2019-02-17","dateModified":"2023-05-07","author":{"@type":"Person","@id":"https:\/\/www.josu.cz\/author\/#Person","name":"","url":"https:\/\/www.josu.cz\/author\/","identifier":1,"image":{"@type":"ImageObject","@id":"https:\/\/secure.gravatar.com\/avatar\/5522eb0fc8481dea5f6519f6a0b15ee2c46358d48429b281fd7c49cbb5a929f9?s=96&d=mm&r=g","url":"https:\/\/secure.gravatar.com\/avatar\/5522eb0fc8481dea5f6519f6a0b15ee2c46358d48429b281fd7c49cbb5a929f9?s=96&d=mm&r=g","height":96,"width":96}},"publisher":{"@type":"Organization","name":"josu.cz","logo":{"@type":"ImageObject","@id":"\/logo.png","url":"\/logo.png","width":600,"height":60}},"image":{"@type":"ImageObject","@id":"https:\/\/www.josu.cz\/wp-content\/uploads\/img_a338483_w2345_t1551189401.jpg","url":"https:\/\/www.josu.cz\/wp-content\/uploads\/img_a338483_w2345_t1551189401.jpg","height":0,"width":0},"url":"https:\/\/www.josu.cz\/zvetsete-prostor-aspon-opticky\/","wordCount":499,"articleBody":"Pokud m\u00e1 \u010dlov\u011bk k dispozici pouze mal\u00fd prostor, nejednou mu to vad\u00ed. Proto\u017ee to v\u00edte \u2013 kolikr\u00e1t se na n\u011bj pod\u00edv\u00e1 soustrastn\u011b n\u011bkdo z t\u011bch, kdo je na tom l\u00e9pe, kolikr\u00e1t se mu n\u011bkdo i vysloven\u011b posm\u00edv\u00e1 a deklasuje ho! A i kdyby tomu tak snad nebylo, je \u010dasto dost dob\u0159e mo\u017en\u00e9, \u017ee se \u010dlov\u011bk i s\u00e1m v tomto sv\u00e9m nevelk\u00e9m prostoru c\u00edt\u00ed a\u017e p\u0159\u00edli\u0161 st\u00edsn\u011bn\u011b.Jen\u017ee co s t\u00edm nad\u011bl\u00e1te, \u017ee? Mal\u00fd prostor se ned\u00e1 jednodu\u0161e nafouknout jako bal\u00f3nek. Je omezen\u00fd zdmi, jimi\u017e nelze vesm\u011bs hnout.\u010clov\u011bk si m\u016f\u017ee jenom rezignovan\u011b prozp\u011bvovat s Waldemarem Matu\u0161kou to jeho \u201em\u00e1m mal\u00fd stan, mn\u011b na nohy t\u00e1hne\u201c.Anebo se m\u016f\u017ee pokusit o alespo\u0148 .\u010clov\u011bk si sice takov\u00fdm optick\u00fdm zv\u011bt\u0161en\u00edm prostoru vlastn\u011b nijak nepom\u016f\u017ee, v\u0161e z\u016fst\u00e1v\u00e1 stejn\u011b mal\u00e9 jako doposud, ov\u0161em na duchu dok\u00e1\u017ee polaskat i takov\u00e9 docela oby\u010dejn\u00e9 zd\u00e1n\u00ed. Je\u017e je placebem, kter\u00e9 tak\u00e9 m\u016f\u017ee b\u00fdt \u2013 a\u010d zcela zbyte\u010dn\u00e9 \u2013 jednozna\u010dn\u011b ku prosp\u011bchu v\u011bci.Terasu lze opticky zv\u011bt\u0161it t\u0159eba t\u00edm, \u017ee je exteri\u00e9r \u010d\u00e1ste\u010dn\u011b vta\u017een do interi\u00e9ru, tud\u00ed\u017e nen\u00e1siln\u011b navazuje a spl\u00fdv\u00e1 bez ru\u0161\u00edc\u00edch p\u0159ed\u011bl\u016f. Sta\u010d\u00ed um\u00edstit p\u00e1r truhl\u00edk\u016f a kv\u011btin\u00e1\u010d\u016f na zem uvnit\u0159 i venku, \u010d\u00edm\u017e se v\u00fdrazn\u011b zast\u0159e p\u0159ed\u011bl mezi vn\u011bj\u0161\u00ed a vnit\u0159n\u00ed \u010d\u00e1st\u00ed, a je to.Stejn\u00e9ho efektu pak lze dos\u00e1hnout t\u0159eba i t\u00edm, \u017ee se vymaluj\u00ed vn\u011bj\u0161\u00ed i vnit\u0159n\u00ed prostory stejnou barvou.D\u00e1le je vhodn\u00e9 neum\u00eds\u0165ovat do takov\u00e9ho mal\u00e9ho prostoru velk\u00e9 mno\u017estv\u00ed zbyte\u010dn\u00fdch p\u0159edm\u011bt\u016f. Pr\u00e1v\u011b naopak \u2013 \u010d\u00edm m\u00e9n\u011b tam t\u011bchto je a \u010d\u00edm u\u017e\u0161\u00ed v\u00fdb\u011br barev a l\u00e1tek je zvolen, t\u00edm p\u016fsob\u00ed prostor v\u011bt\u0161\u00edm dojmem. Co\u017e plat\u00ed pro vnit\u0159n\u00ed stejn\u011b jako pro venkovn\u00ed prostory.Je z\u00e1hodno pou\u017e\u00edvat jednoduch\u00e9 materi\u00e1ly, nejl\u00e9pe ty lad\u00edc\u00ed s ji\u017e pou\u017eit\u00fdmi konstrukcemi, s omezen\u00fdm sortimentem rostlin v odv\u00e1\u017en\u00fdch a v\u00fdrazn\u00fdch skupin\u00e1ch.U\u010din\u011bn\u00fd z\u00e1zrak pak dok\u00e1\u017ee s mal\u00fdm prostorem ud\u011blat ale i docela oby\u010dejn\u00e9 zrcadlo \u010di n\u00e1st\u011bnn\u00e1 malba, mnoh\u00e9 zm\u016f\u017ee i vhodn\u011b zvolen\u00e9 osv\u011btlen\u00ed.O\u010di se prost\u011b daj\u00ed o\u0161idit lec\u010d\u00edm. Bohu\u017eel v\u0161ak jenom co se t\u00fdk\u00e1 prostor\u016f. Proto\u017ee a\u0165 jsem lezl dovnit\u0159 nebo ven a stav\u011bl se pod r\u016fzn\u00fdm osv\u011btlen\u00edm k zrcadlu, obklopen jen minimem p\u0159edm\u011bt\u016f, nebyl jsem ani o fous\u00ed\u010dek v\u011bt\u0161\u00edm chlapem ne\u017e p\u0159edt\u00edm. Nebo \u017ee by to byl taky jen optick\u00fd klam?                                                                                                                                                                                                                                                                                                                                                                                        4.6\/5 - (9 votes)        "},{"@context":"https:\/\/schema.org\/","@type":"BreadcrumbList","itemListElement":[{"@type":"ListItem","position":1,"name":"Zv\u011bt\u0161ete prostor aspo\u0148 opticky","item":"https:\/\/www.josu.cz\/zvetsete-prostor-aspon-opticky\/#breadcrumbitem"}]}]