[{"@context":"https:\/\/schema.org\/","@type":"Article","@id":"https:\/\/www.josu.cz\/vybehnete-v-kazdem-pocasi\/#Article","mainEntityOfPage":"https:\/\/www.josu.cz\/vybehnete-v-kazdem-pocasi\/","headline":"Vyb\u011bhn\u011bte v ka\u017ed\u00e9m po\u010das\u00ed","name":"Vyb\u011bhn\u011bte v ka\u017ed\u00e9m po\u010das\u00ed","description":"Komfort je d\u016fle\u017eit\u00fd Nemus\u00edte b\u00fdt profesion\u00e1ln\u00ed sportovec, i p\u0159i mal\u00e9m sportovn\u00edm v\u00fdkonu, \u010di proch\u00e1zce se m\u016f\u017eete c\u00edtit pohodln\u011b, proto\u017ee ka\u017ed\u00fd pohyb se po\u010d\u00edt\u00e1 a va\u0161e t\u011blesn\u00e1 schr\u00e1nka v\u00e1m bude vd\u011b\u010dn\u00e1. Ob\u010das v\u00e1s m\u016f\u017ee p\u0159ekvapit nep\u0159\u00edze\u0148 po\u010das\u00ed, asi si \u0159\u00edk\u00e1te, \u017ee v tento den to nem\u00e1 smysl, ale funk\u010dn\u00ed oble\u010den\u00ed CRAFT v\u00e1m pom\u016f\u017ee vyrazit. Stoj\u00ed za [&hellip;]","datePublished":"2021-08-11","dateModified":"2023-05-07","author":{"@type":"Person","@id":"https:\/\/www.josu.cz\/author\/#Person","name":"","url":"https:\/\/www.josu.cz\/author\/","identifier":1,"image":{"@type":"ImageObject","@id":"https:\/\/secure.gravatar.com\/avatar\/5522eb0fc8481dea5f6519f6a0b15ee2c46358d48429b281fd7c49cbb5a929f9?s=96&d=mm&r=g","url":"https:\/\/secure.gravatar.com\/avatar\/5522eb0fc8481dea5f6519f6a0b15ee2c46358d48429b281fd7c49cbb5a929f9?s=96&d=mm&r=g","height":96,"width":96}},"publisher":{"@type":"Organization","name":"josu.cz","logo":{"@type":"ImageObject","@id":"\/logo.png","url":"\/logo.png","width":600,"height":60}},"image":{"@type":"ImageObject","@id":"https:\/\/www.josu.cz\/wp-content\/uploads\/Jogging%20i%20pro%20za%C4%8D%C3%A1te%C4%8Dn%C3%ADky.jpg","url":"https:\/\/www.josu.cz\/wp-content\/uploads\/Jogging%20i%20pro%20za%C4%8D%C3%A1te%C4%8Dn%C3%ADky.jpg","height":0,"width":0},"url":"https:\/\/www.josu.cz\/vybehnete-v-kazdem-pocasi\/","about":["Produkty"],"wordCount":407,"articleBody":"         Komfort je d\u016fle\u017eit\u00fd Nemus\u00edte b\u00fdt profesion\u00e1ln\u00ed sportovec, i p\u0159i mal\u00e9m sportovn\u00edm v\u00fdkonu, \u010di proch\u00e1zce se m\u016f\u017eete c\u00edtit pohodln\u011b, proto\u017ee ka\u017ed\u00fd pohyb se po\u010d\u00edt\u00e1 a va\u0161e t\u011blesn\u00e1 schr\u00e1nka v\u00e1m bude vd\u011b\u010dn\u00e1.  Ob\u010das v\u00e1s m\u016f\u017ee p\u0159ekvapit nep\u0159\u00edze\u0148 po\u010das\u00ed, asi si \u0159\u00edk\u00e1te, \u017ee v tento den to nem\u00e1 smysl, ale funk\u010dn\u00ed oble\u010den\u00ed CRAFT v\u00e1m pom\u016f\u017ee vyrazit. Stoj\u00ed za to dop\u0159\u00e1t si stylov\u00fd vzhled a pohodl\u00ed, i kdy\u017e zrovna nejdete na ve\u010dern\u00ed ud\u00e1lost. Poznejte \u0161v\u00e9dskou od\u011bvn\u00ed zna\u010dku se zam\u011b\u0159en\u00edm na funk\u010dn\u00ed ergonomick\u00e9 od\u011bvy, kter\u00e9 ocen\u00edte hlavn\u011b p\u0159i b\u011bh\u00e1n\u00ed nebo ly\u017eovan\u00ed.  Od\u011bvn\u00ed zna\u010dka CRAFT poch\u00e1z\u00ed ze \u0160v\u00e9dska a na \u010desk\u00e9m trhu funguje ji\u017e dvacet p\u011bt let, to nen\u00ed m\u00e1lo. D\u00e1 se tedy mluvit o kvalit\u011b prov\u011b\u0159en\u00e9 zku\u0161enostmi. Sv\u00e9 ergonomick\u00e9 oble\u010den\u00ed dokonce navrhuje ve spolupr\u00e1ci se sv\u011btov\u00fdmi sportovci. Tak\u00e9 p\u0159i\u0161la s principem obl\u00e9k\u00e1n\u00ed do t\u0159\u00ed ten\u010d\u00edch vrstev, tento zp\u016fsob vrstven\u00ed zaji\u0161\u0165uje v\u011bt\u0161\u00ed h\u0159ejivost a odolnost proti profouknut\u00ed, m\u016f\u017eete ho vyzkou\u0161et i s oble\u010den\u00edm, kter\u00e9 nen\u00ed vylo\u017een\u011b funk\u010dn\u00ed. Od hlavy k pat\u011b Jste-li v\u00e1\u0161niv\u00fdm sportovcem, zajist\u00e9 v\u00e1s pot\u011b\u0161\u00ed rozmanit\u00e1 nab\u00eddka. Se\u017eenete oble\u010den\u00ed, spodn\u00ed pr\u00e1dlo, kompresn\u00ed podprsenky i dopl\u0148ky od jedn\u00e9 zna\u010dky, na jednom m\u00edst\u011b. Je zn\u00e1mo, \u017ee pokud m\u00e1te hlavu v teple, teplo z va\u0161eho t\u011bla bude unikat pomaleji.  \u010cepice CRAFT jsou zateplen\u00e9 jemn\u00fdm po\u010desan\u00fdm fleecem z vnit\u0159n\u00ed strany, po\u010desan\u00fd materi\u00e1l je tvo\u0159en del\u0161\u00edmi vl\u00e1kny a p\u016fsob\u00ed velmi p\u0159\u00edjemn\u011b na omak. Celkov\u011b jsou \u010depice, jako v\u011bt\u0161ina funk\u010dn\u00edho oble\u010den\u00ed, u\u0161it\u00e9 z polyesterov\u00e9ho materi\u00e1lu. D\u00edky tomu dob\u0159e odv\u00e1d\u00ed vlhkost od t\u011bla, je st\u00e1lobarevn\u00e1 a odoln\u00e1 v\u016f\u010di mechanick\u00e9mu po\u0161kozen\u00ed. Elastan dod\u00e1 pru\u017enost a zvy\u0161uje komfort p\u0159i no\u0161en\u00ed. Se\u017eenete ji v mnoha r\u016fzn\u00fdch barv\u00e1ch a tento polyester je nav\u00edc recyklovan\u00fd, tak\u017ee m\u016f\u017eete m\u00edt lep\u0161\u00ed sv\u011bdom\u00ed z mal\u00e9ho kr\u016f\u010dku ke zlep\u0161en\u00ed stavu \u017eivotn\u00edho prost\u0159ed\u00ed.                                                                                                                                                                                                                                                                                                                                                                                           4.7\/5 - (10 votes)        "},{"@context":"https:\/\/schema.org\/","@type":"BreadcrumbList","itemListElement":[{"@type":"ListItem","position":1,"name":"Vyb\u011bhn\u011bte v ka\u017ed\u00e9m po\u010das\u00ed","item":"https:\/\/www.josu.cz\/vybehnete-v-kazdem-pocasi\/#breadcrumbitem"}]}]