[{"@context":"https:\/\/schema.org\/","@type":"Article","@id":"https:\/\/www.josu.cz\/vase-kocka-na-jare\/#Article","mainEntityOfPage":"https:\/\/www.josu.cz\/vase-kocka-na-jare\/","headline":"Va\u0161e ko\u010dka na ja\u0159e","name":"Va\u0161e ko\u010dka na ja\u0159e","description":"Pokud na v\u00e1s pad\u00e1 s p\u0159ib\u00fdvaj\u00edc\u00edm slun\u00ed\u010dkem jarn\u00ed \u00fanava, va\u0161i ko\u010dku pr\u00e1v\u011b te\u010f p\u0159epadaj\u00ed nejv\u011bt\u0161\u00ed chut\u011b na dobrodru\u017estv\u00ed. Na\u0161i \u010dty\u0159noz\u00ed m\u0148oukaj\u00edc\u00ed kamar\u00e1di jsou s p\u0159\u00edchodem jara plni energie a my ji m\u016f\u017eeme klidn\u011b \u010derpat z nich. N\u011bkdy sta\u010d\u00ed jen pohled na tu neutuchaj\u00edc\u00ed radost z p\u0159\u00edtomn\u00e9ho okam\u017eiku, aby i n\u00e1m se zvedla n\u00e1lada. P\u0159isp\u011bje k [&hellip;]","datePublished":"2023-05-07","dateModified":"2023-05-07","author":{"@type":"Person","@id":"https:\/\/www.josu.cz\/author\/#Person","name":"","url":"https:\/\/www.josu.cz\/author\/","identifier":1,"image":{"@type":"ImageObject","@id":"https:\/\/secure.gravatar.com\/avatar\/5522eb0fc8481dea5f6519f6a0b15ee2c46358d48429b281fd7c49cbb5a929f9?s=96&d=mm&r=g","url":"https:\/\/secure.gravatar.com\/avatar\/5522eb0fc8481dea5f6519f6a0b15ee2c46358d48429b281fd7c49cbb5a929f9?s=96&d=mm&r=g","height":96,"width":96}},"publisher":{"@type":"Organization","name":"josu.cz","logo":{"@type":"ImageObject","@id":"\/logo.png","url":"\/logo.png","width":600,"height":60}},"image":{"@type":"ImageObject","@id":"https:\/\/www.josu.cz\/wp-content\/uploads\/img_a344195_w2939_t1557664004.png","url":"https:\/\/www.josu.cz\/wp-content\/uploads\/img_a344195_w2939_t1557664004.png","height":0,"width":0},"url":"https:\/\/www.josu.cz\/vase-kocka-na-jare\/","about":["Zv\u00ed\u0159ata"],"wordCount":492,"articleBody":"Pokud na v\u00e1s pad\u00e1 s p\u0159ib\u00fdvaj\u00edc\u00edm slun\u00ed\u010dkem jarn\u00ed \u00fanava, va\u0161i ko\u010dku pr\u00e1v\u011b te\u010f p\u0159epadaj\u00ed nejv\u011bt\u0161\u00ed chut\u011b na dobrodru\u017estv\u00ed. Na\u0161i \u010dty\u0159noz\u00ed m\u0148oukaj\u00edc\u00ed kamar\u00e1di jsou s p\u0159\u00edchodem jara plni energie a my ji m\u016f\u017eeme klidn\u011b \u010derpat z nich. N\u011bkdy sta\u010d\u00ed jen pohled na tu neutuchaj\u00edc\u00ed radost z p\u0159\u00edtomn\u00e9ho okam\u017eiku, aby i n\u00e1m se zvedla n\u00e1lada. P\u0159isp\u011bje k tomu jist\u011b i hlazen\u00ed spokojen\u00e9 ko\u010dky a vn\u00edm\u00e1n\u00ed jej\u00edho vrniv\u00e9ho p\u0159eden\u00ed.Ke ko\u010di\u010d\u00edmu jaru pat\u0159\u00ed i ko\u010di\u010d\u00ed zloben\u00ed, kter\u00e9 mus\u00edme sv\u00e9mu mil\u00e1\u010dkovi odpustit. Nemine to ani ko\u010dky kastrovan\u00e9 &ndash; biologick\u00e9 hodiny prost\u011b s p\u0159\u00edchodem slun\u00ed\u010dka a tepl\u00fdch jarn\u00edch dn\u00ed nikdo nezastav\u00ed. I my lid\u00e9 poci\u0165ujeme na ja\u0159e zvl\u00e1\u0161tn\u00ed vnit\u0159n\u00ed neklid. P\u0159epadne n\u00e1s t\u0159eba chu\u0165 na po\u0159\u00e1dn\u00fd jarn\u00ed \u00faklid a p\u0159i n\u011bm n\u00e1m ko\u010dka m\u016f\u017ee dokonce b\u00fdt i n\u00e1pomocn\u00e1. R\u00e1da s v\u00e1mi pro\u0161mejd\u00ed ka\u017edi\u010dk\u00fd kout a donut\u00ed v\u00e1s mo\u017en\u00e1 i vyhodit star\u00e9 ko\u010di\u010d\u00ed hra\u010dky a ud\u011blat j\u00ed radost z nov\u00fdch. Ur\u010dit\u011b v\u00e1m tak\u00e9 r\u00e1da pom\u016f\u017ee zasadit do truhl\u00edk\u016f va\u0161e obl\u00edben\u00e9 kv\u011btiny, jen pozor na ty, co jsou pro ko\u010dku jedovat\u00e9!M\u00e1te-li v\u00edce ko\u010dek, budou se spolu neust\u00e1le honit a ko\u010dkovat, ale m\u00e1te-li jedin\u00e1\u010dka, mus\u00edte po\u010d\u00edtat s t\u00edm, \u017ee si s v\u00e1mi bude cht\u00edt v\u00edce hr\u00e1t. Tak\u00e9 budete st\u00e1le jen otev\u00edrat a zase zav\u00edrat dve\u0159e, a proto nejlep\u0161\u00ed je po\u0159\u00eddit do venkovn\u00edch nebo balkonov\u00fdch dve\u0159\u00ed ko\u010di\u010d\u00ed ok\u00e9nko. Zat\u00edmco v zim\u011b se v\u011bt\u0161ina \u010dasu prospala, na ja\u0159e se za\u010d\u00edn\u00e1 d\u00edt venku tolik zaj\u00edmav\u00fdch v\u011bc\u00ed, c\u00edtit je tolik v\u016fn\u00ed a sly\u0161et tolik zvuk\u016f p\u0159\u00edrody, \u017ee jejich objevov\u00e1n\u00ed venku nebo na dob\u0159e zaji\u0161t\u011bn\u00e9m balkon\u011b za\u010dne ko\u010dku zaj\u00edmat ze v\u0161eho nejv\u00edce.Proto\u017ee se na ja\u0159e d\u011bje tolik zvl\u00e1\u0161tn\u00edch v\u011bc\u00ed, va\u0161e ko\u010dka bude nejsp\u00ed\u0161 i zlobit s j\u00eddlem. Nejobl\u00edben\u011bj\u0161\u00ed krmen\u00ed j\u00ed n\u00e1hle p\u0159estane zaj\u00edmat a vy j\u00ed mus\u00edte odpustit, \u017ee jeden den se po\u0159\u00e1dn\u011b nacpe, ale dal\u0161\u00ed u\u017e nechce j\u00edst zase v\u016fbec. Sv\u016fj pod\u00edl na tom m\u00e1 tak\u00e9 zvy\u0161uj\u00edc\u00ed se l\u00edn\u00e1n\u00ed a spolykan\u00e9 chlupy p\u0159i \u010di\u0161t\u011bn\u00ed ko\u017e\u00ed\u0161ku. V tom j\u00ed mus\u00edte tak\u00e9 pomoci: ne\u017e se p\u0159evle\u010de zimn\u00ed kab\u00e1tek do jarn\u00edho, chv\u00edli to trv\u00e1, tak je t\u0159eba ko\u010dku denn\u011b kart\u00e1\u010dovat.                                                                                                                                                                                                                                                                                                                                                                                        4\/5 - (11 votes)        "},{"@context":"https:\/\/schema.org\/","@type":"BreadcrumbList","itemListElement":[{"@type":"ListItem","position":1,"name":"Va\u0161e ko\u010dka na ja\u0159e","item":"https:\/\/www.josu.cz\/vase-kocka-na-jare\/#breadcrumbitem"}]}]