{"@context":"https:\/\/schema.org\/","@type":"CollectionPage","@id":"https:\/\/www.josu.cz\/sluzby\/#CollectionPage","headline":"Slu\u017eby Category","description":"","url":"https:\/\/www.josu.cz\/sluzby\/","hasPart":[{"@type":"Article","@id":"https:\/\/www.josu.cz\/dovolena-v-beskydech\/","headline":"Dovolen\u00e1 v Beskydech","url":"https:\/\/www.josu.cz\/dovolena-v-beskydech\/","datePublished":"2025-03-29","dateModified":"2025-03-29","mainEntityOfPage":"https:\/\/www.josu.cz\/dovolena-v-beskydech\/","author":{"@type":"Person","@id":"https:\/\/www.josu.cz\/author\/#Person","name":"","url":"https:\/\/www.josu.cz\/author\/","identifier":1,"image":{"@type":"ImageObject","@id":"https:\/\/secure.gravatar.com\/avatar\/5522eb0fc8481dea5f6519f6a0b15ee2c46358d48429b281fd7c49cbb5a929f9?s=96&d=mm&r=g","url":"https:\/\/secure.gravatar.com\/avatar\/5522eb0fc8481dea5f6519f6a0b15ee2c46358d48429b281fd7c49cbb5a929f9?s=96&d=mm&r=g","height":96,"width":96}},"publisher":{"@type":"Organization","name":"josu.cz","logo":{"@type":"ImageObject","@id":"\/logo.png","url":"\/logo.png","width":600,"height":60}},"image":{"@type":"ImageObject","@id":"https:\/\/www.josu.cz\/wp-content\/uploads\/field-4452538_640_1.jpg","url":"https:\/\/www.josu.cz\/wp-content\/uploads\/field-4452538_640_1.jpg","height":0,"width":0},"keywords":null},{"@type":"Article","@id":"https:\/\/www.josu.cz\/jak-se-citite-ve-sve-kuchyni\/","headline":"Jak se c\u00edt\u00edte ve sv\u00e9 kuchyni?","url":"https:\/\/www.josu.cz\/jak-se-citite-ve-sve-kuchyni\/","datePublished":"2025-03-29","dateModified":"2025-03-29","mainEntityOfPage":"https:\/\/www.josu.cz\/jak-se-citite-ve-sve-kuchyni\/","author":{"@type":"Person","@id":"https:\/\/www.josu.cz\/author\/#Person","name":"","url":"https:\/\/www.josu.cz\/author\/","identifier":1,"image":{"@type":"ImageObject","@id":"https:\/\/secure.gravatar.com\/avatar\/5522eb0fc8481dea5f6519f6a0b15ee2c46358d48429b281fd7c49cbb5a929f9?s=96&d=mm&r=g","url":"https:\/\/secure.gravatar.com\/avatar\/5522eb0fc8481dea5f6519f6a0b15ee2c46358d48429b281fd7c49cbb5a929f9?s=96&d=mm&r=g","height":96,"width":96}},"publisher":{"@type":"Organization","name":"josu.cz","logo":{"@type":"ImageObject","@id":"\/logo.png","url":"\/logo.png","width":600,"height":60}},"image":{"@type":"ImageObject","@id":"https:\/\/www.josu.cz\/wp-content\/uploads\/k_10_2.jpg","url":"https:\/\/www.josu.cz\/wp-content\/uploads\/k_10_2.jpg","height":0,"width":0},"keywords":null},{"@type":"Article","@id":"https:\/\/www.josu.cz\/usporadejte-svatbu-v-retro-stylu\/","headline":"Uspo\u0159\u00e1dejte svatbu v retro stylu","url":"https:\/\/www.josu.cz\/usporadejte-svatbu-v-retro-stylu\/","datePublished":"2024-03-15","dateModified":"2024-05-17","mainEntityOfPage":"https:\/\/www.josu.cz\/usporadejte-svatbu-v-retro-stylu\/","author":{"@type":"Person","@id":"https:\/\/www.josu.cz\/author\/#Person","name":"","url":"https:\/\/www.josu.cz\/author\/","identifier":1,"image":{"@type":"ImageObject","@id":"https:\/\/secure.gravatar.com\/avatar\/5522eb0fc8481dea5f6519f6a0b15ee2c46358d48429b281fd7c49cbb5a929f9?s=96&d=mm&r=g","url":"https:\/\/secure.gravatar.com\/avatar\/5522eb0fc8481dea5f6519f6a0b15ee2c46358d48429b281fd7c49cbb5a929f9?s=96&d=mm&r=g","height":96,"width":96}},"publisher":{"@type":"Organization","name":"josu.cz","logo":{"@type":"ImageObject","@id":"\/logo.png","url":"\/logo.png","width":600,"height":60}},"image":{"@type":"ImageObject","@id":"https:\/\/www.josu.cz\/wp-content\/uploads\/woman-5952494_640_1.jpg","url":"https:\/\/www.josu.cz\/wp-content\/uploads\/woman-5952494_640_1.jpg","height":0,"width":0},"keywords":null},{"@type":"Article","@id":"https:\/\/www.josu.cz\/boj-o-cistou-vodu\/","headline":"Boj o \u010distou vodu","url":"https:\/\/www.josu.cz\/boj-o-cistou-vodu\/","datePublished":"2024-02-13","dateModified":"2024-04-17","mainEntityOfPage":"https:\/\/www.josu.cz\/boj-o-cistou-vodu\/","author":{"@type":"Person","@id":"https:\/\/www.josu.cz\/author\/#Person","name":"","url":"https:\/\/www.josu.cz\/author\/","identifier":1,"image":{"@type":"ImageObject","@id":"https:\/\/secure.gravatar.com\/avatar\/5522eb0fc8481dea5f6519f6a0b15ee2c46358d48429b281fd7c49cbb5a929f9?s=96&d=mm&r=g","url":"https:\/\/secure.gravatar.com\/avatar\/5522eb0fc8481dea5f6519f6a0b15ee2c46358d48429b281fd7c49cbb5a929f9?s=96&d=mm&r=g","height":96,"width":96}},"publisher":{"@type":"Organization","name":"josu.cz","logo":{"@type":"ImageObject","@id":"\/logo.png","url":"\/logo.png","width":600,"height":60}},"image":{"@type":"ImageObject","@id":"https:\/\/www.josu.cz\/wp-content\/uploads\/agua-1599532_640_2.jpg","url":"https:\/\/www.josu.cz\/wp-content\/uploads\/agua-1599532_640_2.jpg","height":0,"width":0},"keywords":null},{"@type":"Article","@id":"https:\/\/www.josu.cz\/menstruacni-kalhotky-a-vse-kolem-nich\/","headline":"Menstrua\u010dn\u00ed kalhotky a v\u0161e kolem nich","url":"https:\/\/www.josu.cz\/menstruacni-kalhotky-a-vse-kolem-nich\/","datePublished":"2023-12-15","dateModified":"2024-01-16","mainEntityOfPage":"https:\/\/www.josu.cz\/menstruacni-kalhotky-a-vse-kolem-nich\/","author":{"@type":"Person","@id":"https:\/\/www.josu.cz\/author\/#Person","name":"","url":"https:\/\/www.josu.cz\/author\/","identifier":1,"image":{"@type":"ImageObject","@id":"https:\/\/secure.gravatar.com\/avatar\/5522eb0fc8481dea5f6519f6a0b15ee2c46358d48429b281fd7c49cbb5a929f9?s=96&d=mm&r=g","url":"https:\/\/secure.gravatar.com\/avatar\/5522eb0fc8481dea5f6519f6a0b15ee2c46358d48429b281fd7c49cbb5a929f9?s=96&d=mm&r=g","height":96,"width":96}},"publisher":{"@type":"Organization","name":"josu.cz","logo":{"@type":"ImageObject","@id":"\/logo.png","url":"\/logo.png","width":600,"height":60}},"image":{"@type":"ImageObject","@id":"https:\/\/www.josu.cz\/wp-content\/uploads\/natracare-r7UjnJHJxmY-unsplash%20(1).jpg","url":"https:\/\/www.josu.cz\/wp-content\/uploads\/natracare-r7UjnJHJxmY-unsplash%20(1).jpg","height":0,"width":0},"keywords":null},{"@type":"Article","@id":"https:\/\/www.josu.cz\/jake-jsou-nejlepsi-cviky-na-prostatu\/","headline":"Jak\u00e9 jsou nejlep\u0161\u00ed cviky na prostatu?","url":"https:\/\/www.josu.cz\/jake-jsou-nejlepsi-cviky-na-prostatu\/","datePublished":"2023-09-19","dateModified":"2023-11-02","mainEntityOfPage":"https:\/\/www.josu.cz\/jake-jsou-nejlepsi-cviky-na-prostatu\/","author":{"@type":"Person","@id":"https:\/\/www.josu.cz\/author\/#Person","name":"","url":"https:\/\/www.josu.cz\/author\/","identifier":1,"image":{"@type":"ImageObject","@id":"https:\/\/secure.gravatar.com\/avatar\/5522eb0fc8481dea5f6519f6a0b15ee2c46358d48429b281fd7c49cbb5a929f9?s=96&d=mm&r=g","url":"https:\/\/secure.gravatar.com\/avatar\/5522eb0fc8481dea5f6519f6a0b15ee2c46358d48429b281fd7c49cbb5a929f9?s=96&d=mm&r=g","height":96,"width":96}},"publisher":{"@type":"Organization","name":"josu.cz","logo":{"@type":"ImageObject","@id":"\/logo.png","url":"\/logo.png","width":600,"height":60}},"image":{"@type":"ImageObject","@id":"https:\/\/www.josu.cz\/wp-content\/uploads\/hemorrhoids-2790200_640%20(3).jpg","url":"https:\/\/www.josu.cz\/wp-content\/uploads\/hemorrhoids-2790200_640%20(3).jpg","height":0,"width":0},"keywords":null},{"@type":"Article","@id":"https:\/\/www.josu.cz\/erekce-nemusi-byt-problem\/","headline":"Erekce nemus\u00ed b\u00fdt probl\u00e9m","url":"https:\/\/www.josu.cz\/erekce-nemusi-byt-problem\/","datePublished":"2023-07-25","dateModified":"2024-05-28","mainEntityOfPage":"https:\/\/www.josu.cz\/erekce-nemusi-byt-problem\/","author":{"@type":"Person","@id":"https:\/\/www.josu.cz\/author\/#Person","name":"","url":"https:\/\/www.josu.cz\/author\/","identifier":1,"image":{"@type":"ImageObject","@id":"https:\/\/secure.gravatar.com\/avatar\/5522eb0fc8481dea5f6519f6a0b15ee2c46358d48429b281fd7c49cbb5a929f9?s=96&d=mm&r=g","url":"https:\/\/secure.gravatar.com\/avatar\/5522eb0fc8481dea5f6519f6a0b15ee2c46358d48429b281fd7c49cbb5a929f9?s=96&d=mm&r=g","height":96,"width":96}},"publisher":{"@type":"Organization","name":"josu.cz","logo":{"@type":"ImageObject","@id":"\/logo.png","url":"\/logo.png","width":600,"height":60}},"image":{"@type":"ImageObject","@id":"https:\/\/www.josu.cz\/wp-content\/uploads\/e%20ee%20e.jpg","url":"https:\/\/www.josu.cz\/wp-content\/uploads\/e%20ee%20e.jpg","height":0,"width":0},"keywords":null},{"@type":"Article","@id":"https:\/\/www.josu.cz\/ulozeni-veci\/","headline":"ulo\u017een\u00ed v\u011bc\u00ed","url":"https:\/\/www.josu.cz\/ulozeni-veci\/","datePublished":"2023-04-29","dateModified":"2023-04-29","mainEntityOfPage":"https:\/\/www.josu.cz\/ulozeni-veci\/","author":{"@type":"Person","@id":"https:\/\/www.josu.cz\/author\/#Person","name":"","url":"https:\/\/www.josu.cz\/author\/","identifier":1,"image":{"@type":"ImageObject","@id":"https:\/\/secure.gravatar.com\/avatar\/5522eb0fc8481dea5f6519f6a0b15ee2c46358d48429b281fd7c49cbb5a929f9?s=96&d=mm&r=g","url":"https:\/\/secure.gravatar.com\/avatar\/5522eb0fc8481dea5f6519f6a0b15ee2c46358d48429b281fd7c49cbb5a929f9?s=96&d=mm&r=g","height":96,"width":96}},"publisher":{"@type":"Organization","name":"josu.cz","logo":{"@type":"ImageObject","@id":"\/logo.png","url":"\/logo.png","width":600,"height":60}},"image":{"@type":"ImageObject","@id":"https:\/\/www.josu.cz\/wp-content\/uploads\/19_4.jpg","url":"https:\/\/www.josu.cz\/wp-content\/uploads\/19_4.jpg","height":0,"width":0},"keywords":null},{"@type":"Article","@id":"https:\/\/www.josu.cz\/pekne-sidlo-podnikani\/","headline":"P\u011bkn\u00e9 s\u00eddlo podnik\u00e1n\u00ed","url":"https:\/\/www.josu.cz\/pekne-sidlo-podnikani\/","datePublished":"2022-12-31","dateModified":"2022-12-31","mainEntityOfPage":"https:\/\/www.josu.cz\/pekne-sidlo-podnikani\/","author":{"@type":"Person","@id":"https:\/\/www.josu.cz\/author\/#Person","name":"","url":"https:\/\/www.josu.cz\/author\/","identifier":1,"image":{"@type":"ImageObject","@id":"https:\/\/secure.gravatar.com\/avatar\/5522eb0fc8481dea5f6519f6a0b15ee2c46358d48429b281fd7c49cbb5a929f9?s=96&d=mm&r=g","url":"https:\/\/secure.gravatar.com\/avatar\/5522eb0fc8481dea5f6519f6a0b15ee2c46358d48429b281fd7c49cbb5a929f9?s=96&d=mm&r=g","height":96,"width":96}},"publisher":{"@type":"Organization","name":"josu.cz","logo":{"@type":"ImageObject","@id":"\/logo.png","url":"\/logo.png","width":600,"height":60}},"image":{"@type":"ImageObject","@id":"https:\/\/www.josu.cz\/wp-content\/uploads\/woman-3261425_960_720_2.jpg","url":"https:\/\/www.josu.cz\/wp-content\/uploads\/woman-3261425_960_720_2.jpg","height":0,"width":0},"keywords":null},{"@type":"Article","@id":"https:\/\/www.josu.cz\/sklad-s-leky\/","headline":"Sklad s l\u00e9ky","url":"https:\/\/www.josu.cz\/sklad-s-leky\/","datePublished":"2022-08-22","dateModified":"2023-05-07","mainEntityOfPage":"https:\/\/www.josu.cz\/sklad-s-leky\/","author":{"@type":"Person","@id":"https:\/\/www.josu.cz\/author\/#Person","name":"","url":"https:\/\/www.josu.cz\/author\/","identifier":1,"image":{"@type":"ImageObject","@id":"https:\/\/secure.gravatar.com\/avatar\/5522eb0fc8481dea5f6519f6a0b15ee2c46358d48429b281fd7c49cbb5a929f9?s=96&d=mm&r=g","url":"https:\/\/secure.gravatar.com\/avatar\/5522eb0fc8481dea5f6519f6a0b15ee2c46358d48429b281fd7c49cbb5a929f9?s=96&d=mm&r=g","height":96,"width":96}},"publisher":{"@type":"Organization","name":"josu.cz","logo":{"@type":"ImageObject","@id":"\/logo.png","url":"\/logo.png","width":600,"height":60}},"image":{"@type":"ImageObject","@id":"https:\/\/www.josu.cz\/wp-content\/uploads\/thermometer-1539191_960_720_1.jpg","url":"https:\/\/www.josu.cz\/wp-content\/uploads\/thermometer-1539191_960_720_1.jpg","height":0,"width":0},"keywords":null}]}