[{"@context":"https:\/\/schema.org\/","@type":"Article","@id":"https:\/\/www.josu.cz\/sklad-s-leky\/#Article","mainEntityOfPage":"https:\/\/www.josu.cz\/sklad-s-leky\/","headline":"Sklad s l\u00e9ky","name":"Sklad s l\u00e9ky","description":"Jako m\u00e1 prvn\u00ed pr\u00e1ce byla, \u017ee jsem byla ve skladu potravin. Abych pravdu \u0159ekla, tak nikdy m\u011b to moc nebavilo. Nebyla jsem na to, abych byla n\u011bkde ve skladu. Nav\u00edc mi taky opravdu hodn\u011b vadilo, kdy\u017e jsem musela skladovat t\u0159eba nap\u0159\u00edklad maso nebo ml\u00e9\u010dn\u00e9 v\u00fdrobky do t\u00e9 velk\u00e9 ob\u0159\u00ed lednice. Jist\u011b to zn\u00e1te. Pokud jste [&hellip;]","datePublished":"2022-08-22","dateModified":"2023-05-07","author":{"@type":"Person","@id":"https:\/\/www.josu.cz\/author\/#Person","name":"","url":"https:\/\/www.josu.cz\/author\/","identifier":1,"image":{"@type":"ImageObject","@id":"https:\/\/secure.gravatar.com\/avatar\/5522eb0fc8481dea5f6519f6a0b15ee2c46358d48429b281fd7c49cbb5a929f9?s=96&d=mm&r=g","url":"https:\/\/secure.gravatar.com\/avatar\/5522eb0fc8481dea5f6519f6a0b15ee2c46358d48429b281fd7c49cbb5a929f9?s=96&d=mm&r=g","height":96,"width":96}},"publisher":{"@type":"Organization","name":"josu.cz","logo":{"@type":"ImageObject","@id":"\/logo.png","url":"\/logo.png","width":600,"height":60}},"image":{"@type":"ImageObject","@id":"https:\/\/www.josu.cz\/wp-content\/uploads\/thermometer-1539191_960_720_1.jpg","url":"https:\/\/www.josu.cz\/wp-content\/uploads\/thermometer-1539191_960_720_1.jpg","height":0,"width":0},"url":"https:\/\/www.josu.cz\/sklad-s-leky\/","about":["Slu\u017eby"],"wordCount":411,"articleBody":"           Jako m\u00e1 prvn\u00ed pr\u00e1ce byla, \u017ee jsem byla ve skladu potravin. Abych pravdu \u0159ekla, tak nikdy m\u011b to moc nebavilo. Nebyla jsem na to, abych byla n\u011bkde ve skladu. Nav\u00edc mi taky opravdu hodn\u011b vadilo, kdy\u017e jsem musela skladovat t\u0159eba nap\u0159\u00edklad maso nebo ml\u00e9\u010dn\u00e9 v\u00fdrobky do t\u00e9 velk\u00e9 ob\u0159\u00ed lednice. Jist\u011b to zn\u00e1te. Pokud jste taky n\u011bkdy pracovali v zam\u011bstn\u00e1n\u00ed, kam chod\u00edte \u010dasto do skladu do lednice, tak mi d\u00e1te za pravdu, \u017ee dlouho se to asi vydr\u017eet ned\u00e1. Ale co, t\u0159eba to n\u011bkomu takto m\u016f\u017ee vyhovovat.   Kolikr\u00e1t jsem v t\u00e9 lednici musela b\u00fdt t\u0159eba dvacet minut nonstop, kdy\u017e jsem skl\u00e1dala zbo\u017e\u00ed a muselo to b\u00fdt rychle. Je to opravdu nep\u0159\u00edjemn\u00e9, a proto jsem taky v t\u00e9to pr\u00e1ci vydr\u017eela asi \u010dty\u0159i nebo p\u011bt m\u011bs\u00edc\u016f a potom jsem ode\u0161la. Byla jsem m\u011bs\u00edc  https:\/\/www.maminka.cz\/kojenec-3-mesic doma, abych si ujasnila, co chci v \u017eivot\u011b d\u011blat. Potom jsem na internetu na\u0161la inzer\u00e1t, \u017ee sh\u00e1n\u011bli n\u011bkoho do velkoobchodu, kde jsou l\u00e9ky. L\u00e9k\u00e1rensk\u00fd velkoobchod m\u011b nikdy nenapadl, a p\u0159itom u n\u00e1s ve m\u011bst\u011b je. \u0158ekla jsem si, \u017ee bych to mohla zkusit. Tak jsem si \u0159ekla, \u017ee l\u00e9k\u00e1rensk\u00fd velkoobchod m\u016f\u017ee b\u00fdt opravdu n\u011bco pro m\u011b.  A kdy\u017e jsem potom \u0161la na pohovor, tak mus\u00edm \u0159\u00edct, \u017ee ihned na prvn\u00ed pohled se mi to l\u00edbilo. Domluvila jsem se taky s kolegyn\u011bmi, kter\u00e9 u\u017e tam byly dlouho, jak\u00e9 to je. Byla jsem r\u00e1da, \u017ee u\u017e m\u011b tyto \u017eeny braly jako kolegyni. Byl to opravdu skv\u011bl\u00fd kolektiv a j\u00e1 jsem si \u0159ekla, \u017ee lep\u0161\u00ed zam\u011bstn\u00e1n\u00ed, ne\u017e pr\u00e1ce v l\u00e9k\u00e1rensk\u00e9m velkoobchodu m\u011b opravdu potkat nemohlo. Nav\u00edc v\u00fdplaty tam jsou skv\u011bl\u00e9 a kolektiv je tak perfektn\u00ed. Nic lep\u0161\u00edho m\u011b potkat nemohlo a j\u00e1 si \u0159\u00edk\u00e1m, pro\u010d jsme do t\u00e9to pr\u00e1ce ne\u0161la u\u017e d\u0159\u00edve. Nemusela jsem mrznout ve skladu v lednici. Mohla jsem kone\u010dn\u011b d\u011blat pr\u00e1ci, kter\u00e1 m\u011b bav\u00ed a kde je skv\u011bl\u00fd kolektiv. To se taky moc nevid\u00ed, \u017ee n\u011bkdo n\u011bkoho bere od za\u010d\u00e1tku jako kolegyni. A v\u00e1s by bavilo pracovat v l\u00e9k\u00e1rensk\u00e9m velkoobchod\u011b Technolife?                                                                                                                                                                                                                                                                                                                                                                                           4.7\/5 - (3 votes)        "},{"@context":"https:\/\/schema.org\/","@type":"BreadcrumbList","itemListElement":[{"@type":"ListItem","position":1,"name":"Sklad s l\u00e9ky","item":"https:\/\/www.josu.cz\/sklad-s-leky\/#breadcrumbitem"}]}]