[{"@context":"https:\/\/schema.org\/","@type":"Article","@id":"https:\/\/www.josu.cz\/sekcni-garazova-vrata-pro-dvougeneracni-dum\/#Article","mainEntityOfPage":"https:\/\/www.josu.cz\/sekcni-garazova-vrata-pro-dvougeneracni-dum\/","headline":"Sek\u010dn\u00ed gar\u00e1\u017eov\u00e1 vrata pro dvougenera\u010dn\u00ed d\u016fm","name":"Sek\u010dn\u00ed gar\u00e1\u017eov\u00e1 vrata pro dvougenera\u010dn\u00ed d\u016fm","description":"Bydl\u00edte v dvougenera\u010dn\u00edm dom\u011b, jeho\u017e sou\u010d\u00e1st\u00ed je i gar\u00e1\u017e? A jde o star\u0161\u00ed z\u00e1stavbu, s p\u016fvodn\u00edmi k\u0159\u00eddlov\u00fdmi gar\u00e1\u017eov\u00fdmi vraty, kter\u00e1 ji\u017e dosluhuj\u00ed, a vy se ohl\u00ed\u017e\u00edte po nov\u00e9m v\u00fdrobku? Co\u017e takhle vym\u011bnit starou koncepci za n\u011bco zcela odli\u0161n\u00e9ho \u2013 zbavit se k\u0159\u00eddlov\u00fdch vrat a nahradit je vraty v\u00fdklopn\u00fdmi \u010di rolovac\u00edmi? Jak\u00e9 v\u00fdhody vlastn\u011b v\u00fdklopn\u00e1 nebo [&hellip;]","datePublished":"2025-04-18","dateModified":"2025-04-18","author":{"@type":"Person","@id":"https:\/\/www.josu.cz\/author\/#Person","name":"","url":"https:\/\/www.josu.cz\/author\/","identifier":1,"image":{"@type":"ImageObject","@id":"https:\/\/secure.gravatar.com\/avatar\/5522eb0fc8481dea5f6519f6a0b15ee2c46358d48429b281fd7c49cbb5a929f9?s=96&d=mm&r=g","url":"https:\/\/secure.gravatar.com\/avatar\/5522eb0fc8481dea5f6519f6a0b15ee2c46358d48429b281fd7c49cbb5a929f9?s=96&d=mm&r=g","height":96,"width":96}},"publisher":{"@type":"Organization","name":"josu.cz","logo":{"@type":"ImageObject","@id":"\/logo.png","url":"\/logo.png","width":600,"height":60}},"image":{"@type":"ImageObject","@id":"https:\/\/www.josu.cz\/wp-content\/uploads\/vw-4891950_640_2.jpg","url":"https:\/\/www.josu.cz\/wp-content\/uploads\/vw-4891950_640_2.jpg","height":0,"width":0},"url":"https:\/\/www.josu.cz\/sekcni-garazova-vrata-pro-dvougeneracni-dum\/","about":["Produkty"],"wordCount":407,"articleBody":"       Bydl\u00edte v dvougenera\u010dn\u00edm dom\u011b, jeho\u017e sou\u010d\u00e1st\u00ed je i gar\u00e1\u017e? A jde o star\u0161\u00ed z\u00e1stavbu, s p\u016fvodn\u00edmi k\u0159\u00eddlov\u00fdmi gar\u00e1\u017eov\u00fdmi vraty, kter\u00e1 ji\u017e dosluhuj\u00ed, a vy se ohl\u00ed\u017e\u00edte po nov\u00e9m v\u00fdrobku? Co\u017e takhle vym\u011bnit starou koncepci za n\u011bco zcela odli\u0161n\u00e9ho \u2013 zbavit se k\u0159\u00eddlov\u00fdch vrat a nahradit je vraty v\u00fdklopn\u00fdmi \u010di rolovac\u00edmi? Jak\u00e9 v\u00fdhody vlastn\u011b v\u00fdklopn\u00e1 nebo sek\u010dn\u00ed gar\u00e1\u017eov\u00e1 vrata nab\u00edz\u00ed?Parkov\u00e1n\u00ed za vraty ji\u017e nen\u00ed tabu \u2013 p\u0159edstavte si, \u017ee se k v\u00e1m chyst\u00e1 p\u0159ijet b\u00fdval\u00fd spolu\u017e\u00e1k s rodinou a vy je chcete v\u0161echny p\u0159iv\u00edtat na p\u016fd\u011b va\u0161eho pozemku. Otev\u0159ete vjezd u plotu a odklid\u00edte v\u0161echny p\u0159edm\u011bt p\u0159ed gar\u00e1\u017e\u00ed, aby se tam dalo zaparkovat. Jen\u017ee kdy\u017e budete m\u00edt star\u00e1 k\u0159\u00eddlov\u00e1 vrata, nebude mo\u017en\u00e9 parkovat t\u011bsn\u011b u vrat a zkomplikuje se t\u00edm situace. U vrat sek\u010dn\u00edch \u010di v\u00fdklopn\u00fdch to ale nen\u00ed probl\u00e9m, ta se toti\u017e otev\u00edraj\u00ed dovnit\u0159, nikoli ven, a p\u0159ed gar\u00e1\u017e\u00ed nepot\u0159ebujete mnoho m\u00edsta.Vrata se v\u00e1m mohou zal\u00edbit \u2013 modern\u00ed gar\u00e1\u017eov\u00e1 vrata H\u00f6rmann dob\u0159e pln\u00ed i estetickou str\u00e1nku v\u011bci, nen\u00ed to jen kus plechu, kter\u00fd zakryje otvor ve va\u0161\u00ed gar\u00e1\u017ei. Vrata se vyr\u00e1b\u00ed v mnoha r\u016fzn\u00fdch barv\u00e1ch a vzorech a lze je vhodn\u011b skloubit s ostatn\u00edmi stavebn\u00edmi prvky \u2013 s domovn\u00ed fas\u00e1dou, st\u0159e\u0161n\u00ed krytinou, z\u00e1mkovou dla\u017ebou a koneckonc\u016f i s travnatou plochou nebo okrasn\u00fdmi d\u0159evinami.Otev\u00edr\u00e1n\u00ed vrat \u2013 vrata se obsluhuj\u00ed velice snadno, nen\u00ed zapot\u0159eb\u00ed vyv\u00edjet velkou fyzickou s\u00edlu, otev\u0159ete je prakticky jednou rukou a hlavn\u011b se nejedn\u00e1 o vrata k\u0159\u00eddlov\u00e1, kter\u00e1 p\u0159ek\u00e1\u017e\u00ed, jsou t\u011b\u017ek\u00e1, n\u011bkdy nejdou dob\u0159e zav\u0159\u00edt a mohou drhnout o podlahu. Va\u0161e nov\u00e1 vrata budou plnit v\u0161echny n\u00e1ro\u010dn\u00e9 po\u017eadavky na estetiku prakti\u010dnost i komfort. Vrata lze opat\u0159it automatikou a mohou se otev\u00edrat na d\u00e1lkov\u00e9 ovl\u00e1d\u00e1n\u00ed t\u0159eba z va\u0161eho automobilu, nemus\u00edte v p\u0159\u00edpad\u011b pot\u0159eby ani vystupovat z auta, co\u017e ocen\u00edte t\u0159eba v situaci, kdy venku pr\u0161\u00ed, nem\u00e1te de\u0161tn\u00edk, anebo je nebezpe\u010dn\u00e1 bou\u0159ka.                                                                                                                                                                                                                                                                                                                                                                                          4.5\/5 - (6 votes)        "},{"@context":"https:\/\/schema.org\/","@type":"BreadcrumbList","itemListElement":[{"@type":"ListItem","position":1,"name":"Sek\u010dn\u00ed gar\u00e1\u017eov\u00e1 vrata pro dvougenera\u010dn\u00ed d\u016fm","item":"https:\/\/www.josu.cz\/sekcni-garazova-vrata-pro-dvougeneracni-dum\/#breadcrumbitem"}]}]