[{"@context":"https:\/\/schema.org\/","@type":"Article","@id":"https:\/\/www.josu.cz\/pujcovna-dodavek-zajisti-vuz-i-na-dovolenou-v-krkonosich\/#Article","mainEntityOfPage":"https:\/\/www.josu.cz\/pujcovna-dodavek-zajisti-vuz-i-na-dovolenou-v-krkonosich\/","headline":"P\u016fj\u010dovna dod\u00e1vek zajist\u00ed v\u016fz i na dovolenou v Krkono\u0161\u00edch","name":"P\u016fj\u010dovna dod\u00e1vek zajist\u00ed v\u016fz i na dovolenou v Krkono\u0161\u00edch","description":"Cestov\u00e1n\u00ed s dod\u00e1vkou z p\u016fj\u010dovny p\u0159\u00edv\u011bs\u016f Praha 9 m\u016f\u017ee b\u00fdt nejen z\u00e1bavn\u00e9, ale prosp\u011b\u0161n\u00e9 va\u0161emu zdrav\u00ed. Jde jen o to, podniknout v\u00fdpravu do m\u00edst, kter\u00e1 v\u00e1s budou nab\u00edjet energi\u00ed, nam\u00edsto aby v\u00e1m ji odeb\u00edraly. V sou\u010dasn\u00e9 dob\u011b se to\u010d\u00ed v\u0161e kolem koronaviru, obsazenosti nemocnic, po\u010dtu nov\u00fdch p\u0159\u00edpad\u016f, l\u00e9\u010dby a o\u010dkov\u00e1n\u00ed a z tohoto koloto\u010de by [&hellip;]","datePublished":"2021-02-16","dateModified":"2024-02-01","author":{"@type":"Person","@id":"https:\/\/www.josu.cz\/author\/#Person","name":"","url":"https:\/\/www.josu.cz\/author\/","identifier":1,"image":{"@type":"ImageObject","@id":"https:\/\/secure.gravatar.com\/avatar\/5522eb0fc8481dea5f6519f6a0b15ee2c46358d48429b281fd7c49cbb5a929f9?s=96&d=mm&r=g","url":"https:\/\/secure.gravatar.com\/avatar\/5522eb0fc8481dea5f6519f6a0b15ee2c46358d48429b281fd7c49cbb5a929f9?s=96&d=mm&r=g","height":96,"width":96}},"publisher":{"@type":"Organization","name":"josu.cz","logo":{"@type":"ImageObject","@id":"\/logo.png","url":"\/logo.png","width":600,"height":60}},"image":{"@type":"ImageObject","@id":"https:\/\/www.josu.cz\/wp-content\/uploads\/art397096_1x1_20260814_073211_LQ8E0P.jpg","url":"https:\/\/www.josu.cz\/wp-content\/uploads\/art397096_1x1_20260814_073211_LQ8E0P.jpg","height":0,"width":0},"url":"https:\/\/www.josu.cz\/pujcovna-dodavek-zajisti-vuz-i-na-dovolenou-v-krkonosich\/","about":["Slu\u017eby"],"wordCount":424,"articleBody":"\t\tCestov\u00e1n\u00ed s dod\u00e1vkou z p\u016fj\u010dovny p\u0159\u00edv\u011bs\u016f Praha 9 m\u016f\u017ee b\u00fdt nejen z\u00e1bavn\u00e9, ale prosp\u011b\u0161n\u00e9 va\u0161emu zdrav\u00ed. Jde jen o to, podniknout v\u00fdpravu do m\u00edst, kter\u00e1 v\u00e1s budou nab\u00edjet energi\u00ed, nam\u00edsto aby v\u00e1m ji odeb\u00edraly. V sou\u010dasn\u00e9 dob\u011b se to\u010d\u00ed v\u0161e kolem koronaviru, obsazenosti nemocnic, po\u010dtu nov\u00fdch p\u0159\u00edpad\u016f, l\u00e9\u010dby a o\u010dkov\u00e1n\u00ed a z tohoto koloto\u010de by bylo z\u00e1hodno se kone\u010dn\u011b vymanit.\tNemus\u00edte \u010dekat na vl\u00e1dn\u00ed na\u0159\u00edzen\u00ed a omezov\u00e1n\u00ed cestov\u00e1n\u00ed za hranice republiky, zajist\u011bte si dovolenou v tuzemsku, ubytujte se v soukrom\u00e9m men\u0161\u00edm penzionu a nemus\u00ed to b\u00fdt zrovna honosn\u00fd hotel s p\u011bti hv\u011bzdi\u010dkami. Ke spokojen\u00e9mu \u017eivotu se obejdete i bez baz\u00e9nu, podstatn\u00e9 je v\u0161ak na\u010derpat s\u00edlu v l\u016fn\u011b p\u0159\u00edrody, tam, kde p\u0159\u00edli\u0161 mnoho turist\u016f nepotk\u00e1te, a kde je tou\u017eebn\u00fd klid, stranou od sv\u011btel velkom\u011bst.\tRozhran\u00ed Jizersk\u00fdch hor a Krkono\u0161\tJ\u00edzda s dod\u00e1vkou ve v\u011bt\u0161\u00edm po\u010dtu osob do hor znamen\u00e1 opro\u0161t\u011bn\u00ed od m\u011bstsk\u00e9ho ruchu a st\u00e1v\u00e1 se, \u017ee prvn\u00ed den v\u00e1s tu rozbol\u00ed hlava z toho prudk\u00e9ho p\u0159echodu mezi stresuj\u00edc\u00edm \u017eivotn\u00edm stylem a p\u0159irozen\u00fdm \u017eit\u00edm v souladu s p\u0159\u00edrodou.\tMy bychom v\u00e1m r\u00e1di poskytli tip na oblast, kter\u00e1 nen\u00ed tak hust\u011b obydlena, a kam se turist\u00e9 p\u0159\u00edli\u0161 nehrnou. Je to stranou ru\u0161n\u00e9ho \u0160pindlerova Ml\u00fdna i centra Harrachova \u010di Pece pod Sn\u011b\u017ekou, toti\u017e jde o rozhran\u00ed Jizersk\u00fdch hor a Krkono\u0161.\tDoporu\u010dujeme vz\u00edt s sebou j\u00edzdn\u00ed kola, dod\u00e1vka je pojme bez probl\u00e9m\u016f, stejn\u011b jako v\u0161echna va\u0161e ostatn\u00ed zavazadla, a kdo si netrouf\u00e1 jezdit na kole v horsk\u00e9m ter\u00e9nu, m\u016f\u017ee tu podniknout p\u011b\u0161\u00ed v\u00fdlety. Ubytov\u00e1n\u00ed doporu\u010dujeme zajistit v soukrom\u00ed, nap\u0159\u00edklad v Pasek\u00e1ch nad Jizerou, anebo v Doln\u00ed Rokytnici nedaleko Studenova. P\u0159ed\u011bl obou poho\u0159\u00ed tvo\u0159\u00ed \u0159eka Jizera a je tu opravdu kr\u00e1sn\u011b.\tZ Rokytnice to nen\u00ed daleko do Ry\u017eovi\u0161t\u011b \u2013 v\u00fdchodn\u00ed \u010d\u00e1sti Harrachova, jsou tu p\u0159ekr\u00e1sn\u00e9 v\u00fdhledy na panorama z\u00e1padn\u00edch Krkono\u0161 a daj\u00ed se odtud podniknout v\u00fdlety na Lysou horu a d\u00e1le k Labsk\u00e9 boud\u011b, k prameni Labe a pod\u00e9l Mumlavy zp\u011bt do Harrachova k Mumlavsk\u00fdm vodop\u00e1d\u016fm.                                                                                                                                                                                                                                                                                                                                                                                                "},{"@context":"https:\/\/schema.org\/","@type":"BreadcrumbList","itemListElement":[{"@type":"ListItem","position":1,"name":"P\u016fj\u010dovna dod\u00e1vek zajist\u00ed v\u016fz i na dovolenou v Krkono\u0161\u00edch","item":"https:\/\/www.josu.cz\/pujcovna-dodavek-zajisti-vuz-i-na-dovolenou-v-krkonosich\/#breadcrumbitem"}]}]