{"@context":"https:\/\/schema.org\/","@type":"CollectionPage","@id":"https:\/\/www.josu.cz\/moda\/#CollectionPage","headline":"M\u00f3da Category","description":"","url":"https:\/\/www.josu.cz\/moda\/","hasPart":[{"@type":"Article","@id":"https:\/\/www.josu.cz\/jit-za-snem\/","headline":"J\u00edt za snem","url":"https:\/\/www.josu.cz\/jit-za-snem\/","datePublished":"2022-03-09","dateModified":"2023-05-07","mainEntityOfPage":"https:\/\/www.josu.cz\/jit-za-snem\/","author":{"@type":"Person","@id":"https:\/\/www.josu.cz\/author\/#Person","name":"","url":"https:\/\/www.josu.cz\/author\/","identifier":1,"image":{"@type":"ImageObject","@id":"https:\/\/secure.gravatar.com\/avatar\/5522eb0fc8481dea5f6519f6a0b15ee2c46358d48429b281fd7c49cbb5a929f9?s=96&d=mm&r=g","url":"https:\/\/secure.gravatar.com\/avatar\/5522eb0fc8481dea5f6519f6a0b15ee2c46358d48429b281fd7c49cbb5a929f9?s=96&d=mm&r=g","height":96,"width":96}},"publisher":{"@type":"Organization","name":"josu.cz","logo":{"@type":"ImageObject","@id":"\/logo.png","url":"\/logo.png","width":600,"height":60}},"image":{"@type":"ImageObject","@id":"https:\/\/www.josu.cz\/wp-content\/uploads\/nejlep_i_modni_navrha_i_na_sv_t_234_portada.png","url":"https:\/\/www.josu.cz\/wp-content\/uploads\/nejlep_i_modni_navrha_i_na_sv_t_234_portada.png","height":0,"width":0},"keywords":null},{"@type":"Article","@id":"https:\/\/www.josu.cz\/je-vhodne-kupovat-detem-znackove-obleceni\/","headline":"Je vhodn\u00e9 kupovat d\u011btem zna\u010dkov\u00e9 oble\u010den\u00ed?","url":"https:\/\/www.josu.cz\/je-vhodne-kupovat-detem-znackove-obleceni\/","datePublished":"2021-09-22","dateModified":"2023-05-07","mainEntityOfPage":"https:\/\/www.josu.cz\/je-vhodne-kupovat-detem-znackove-obleceni\/","author":{"@type":"Person","@id":"https:\/\/www.josu.cz\/author\/#Person","name":"","url":"https:\/\/www.josu.cz\/author\/","identifier":1,"image":{"@type":"ImageObject","@id":"https:\/\/secure.gravatar.com\/avatar\/5522eb0fc8481dea5f6519f6a0b15ee2c46358d48429b281fd7c49cbb5a929f9?s=96&d=mm&r=g","url":"https:\/\/secure.gravatar.com\/avatar\/5522eb0fc8481dea5f6519f6a0b15ee2c46358d48429b281fd7c49cbb5a929f9?s=96&d=mm&r=g","height":96,"width":96}},"publisher":{"@type":"Organization","name":"josu.cz","logo":{"@type":"ImageObject","@id":"\/logo.png","url":"\/logo.png","width":600,"height":60}},"image":{"@type":"ImageObject","@id":"https:\/\/www.josu.cz\/wp-content\/uploads\/deti1.jpg","url":"https:\/\/www.josu.cz\/wp-content\/uploads\/deti1.jpg","height":0,"width":0},"keywords":null},{"@type":"Article","@id":"https:\/\/www.josu.cz\/parizska-moda\/","headline":"Pa\u0159\u00ed\u017esk\u00e1 m\u00f3da","url":"https:\/\/www.josu.cz\/parizska-moda\/","datePublished":"2019-06-13","dateModified":"2023-05-07","mainEntityOfPage":"https:\/\/www.josu.cz\/parizska-moda\/","author":{"@type":"Person","@id":"https:\/\/www.josu.cz\/author\/#Person","name":"","url":"https:\/\/www.josu.cz\/author\/","identifier":1,"image":{"@type":"ImageObject","@id":"https:\/\/secure.gravatar.com\/avatar\/5522eb0fc8481dea5f6519f6a0b15ee2c46358d48429b281fd7c49cbb5a929f9?s=96&d=mm&r=g","url":"https:\/\/secure.gravatar.com\/avatar\/5522eb0fc8481dea5f6519f6a0b15ee2c46358d48429b281fd7c49cbb5a929f9?s=96&d=mm&r=g","height":96,"width":96}},"publisher":{"@type":"Organization","name":"josu.cz","logo":{"@type":"ImageObject","@id":"\/logo.png","url":"\/logo.png","width":600,"height":60}},"image":{"@type":"ImageObject","@id":"https:\/\/www.josu.cz\/wp-content\/uploads\/img_a347724_w2939_t1562267731.jpg","url":"https:\/\/www.josu.cz\/wp-content\/uploads\/img_a347724_w2939_t1562267731.jpg","height":0,"width":0},"keywords":null}]}