[{"@context":"https:\/\/schema.org\/","@type":"Article","@id":"https:\/\/www.josu.cz\/mene-obvykla-ale-ucelna-reseni-vestavenych-skrini\/#Article","mainEntityOfPage":"https:\/\/www.josu.cz\/mene-obvykla-ale-ucelna-reseni-vestavenych-skrini\/","headline":"M\u00e9n\u011b obvykl\u00e1, ale \u00fa\u010deln\u00e1 \u0159e\u0161en\u00ed vestav\u011bn\u00fdch sk\u0159\u00edn\u00ed","name":"M\u00e9n\u011b obvykl\u00e1, ale \u00fa\u010deln\u00e1 \u0159e\u0161en\u00ed vestav\u011bn\u00fdch sk\u0159\u00edn\u00ed","description":"Vestav\u011bn\u00e1 sk\u0159\u00ed\u0148 v podkrov\u00ed Podkrovn\u00ed m\u00edstnosti nem\u00edvaj\u00ed standardn\u00ed profil obytn\u00fdch ploch, jak\u00e9 zn\u00e1me v p\u0159\u00edzem\u00ed dom\u016f, \u010di v b\u011b\u017en\u00fdch m\u011bstsk\u00fdch bytech, zpravidla tu najdeme zkosen\u00e9 st\u011bny, otev\u0159en\u00e9 krokvov\u00e9 tr\u00e1my, r\u016fzn\u00e9 v\u00fdklenky, \u0161ikm\u00e9 rohy, neobvykle \u0159e\u0161en\u00e9 stropy, sn\u00ed\u017een\u00e9 profily a p\u0159epa\u017een\u00e9 \u010d\u00e1sti prostoru, kam by dob\u0159e zapadl n\u011bjak\u00fd na m\u00edru zhotoven\u00fd n\u00e1bytek. Podkrov\u00ed jsou jako d\u011blan\u00e1 [&hellip;]","datePublished":"2021-07-14","dateModified":"2023-05-07","author":{"@type":"Person","@id":"https:\/\/www.josu.cz\/author\/#Person","name":"","url":"https:\/\/www.josu.cz\/author\/","identifier":1,"image":{"@type":"ImageObject","@id":"https:\/\/secure.gravatar.com\/avatar\/5522eb0fc8481dea5f6519f6a0b15ee2c46358d48429b281fd7c49cbb5a929f9?s=96&d=mm&r=g","url":"https:\/\/secure.gravatar.com\/avatar\/5522eb0fc8481dea5f6519f6a0b15ee2c46358d48429b281fd7c49cbb5a929f9?s=96&d=mm&r=g","height":96,"width":96}},"publisher":{"@type":"Organization","name":"josu.cz","logo":{"@type":"ImageObject","@id":"\/logo.png","url":"\/logo.png","width":600,"height":60}},"image":{"@type":"ImageObject","@id":"https:\/\/www.josu.cz\/wp-content\/uploads\/podkrovn%C3%AD%20m%C3%ADstnost.jpg","url":"https:\/\/www.josu.cz\/wp-content\/uploads\/podkrovn%C3%AD%20m%C3%ADstnost.jpg","height":0,"width":0},"url":"https:\/\/www.josu.cz\/mene-obvykla-ale-ucelna-reseni-vestavenych-skrini\/","about":["Produkty"],"wordCount":414,"articleBody":"   Vestav\u011bn\u00e1 sk\u0159\u00ed\u0148 v podkrov\u00edPodkrovn\u00ed m\u00edstnosti nem\u00edvaj\u00ed standardn\u00ed profil obytn\u00fdch ploch, jak\u00e9 zn\u00e1me v p\u0159\u00edzem\u00ed dom\u016f, \u010di v b\u011b\u017en\u00fdch m\u011bstsk\u00fdch bytech, zpravidla tu najdeme zkosen\u00e9 st\u011bny, otev\u0159en\u00e9 krokvov\u00e9 tr\u00e1my, r\u016fzn\u00e9 v\u00fdklenky, \u0161ikm\u00e9 rohy, neobvykle \u0159e\u0161en\u00e9 stropy, sn\u00ed\u017een\u00e9 profily a p\u0159epa\u017een\u00e9 \u010d\u00e1sti prostoru, kam by dob\u0159e zapadl n\u011bjak\u00fd na m\u00edru zhotoven\u00fd n\u00e1bytek. Podkrov\u00ed jsou jako d\u011blan\u00e1 pro vestav\u011bn\u00e9 sk\u0159\u00edn\u011b Sten-skrine, je tu mnoho rozmanit\u00fdch mo\u017enost\u00ed, jak m\u00edstnost uzav\u0159\u00edt do \u00fatuln\u00e9ho prost\u0159ed\u00ed, co nejm\u00e9n\u011b ru\u0161iv\u011b, a to je mo\u017en\u00e9 kup\u0159\u00edkladu posuvn\u00fdmi dve\u0159mi. Dopln\u00edte-li je zrcadlem a p\u0159edsazenou vzrostlou palmou, m\u016f\u017eete vytvo\u0159it velmi dekorativn\u00ed prvek, kam se budete r\u00e1di uchylovat k odpo\u010dinku.Vestavba v podkrov\u00ed m\u00e1 v\u00fdhodu v tom, \u017ee tu vyu\u017eijete zcela bezezbytku ve\u0161ker\u00fd uzav\u0159en\u00fd prostor, kter\u00fd byste jinak st\u011b\u017e\u00ed vyplnili n\u011b\u010d\u00edm \u00fa\u010deln\u00fdm a z\u00e1rove\u0148 vkusn\u00fdm. A pokud netrv\u00e1te na hloubce sk\u0159\u00edn\u00ed p\u0159es 60 cm kv\u016fli \u0161atn\u00edm ram\u00ednk\u016fm, m\u016f\u017ee b\u00fdt \u00falo\u017en\u00fd prostor i pom\u011brn\u011b \u00fazk\u00fd.Vestavba pod schodi\u0161t\u011bmSchodnicov\u00e1 \u010di deskov\u00e1 schodi\u0161t\u011b maj\u00ed jednu podstatnou nev\u00fdhodu, a sice zab\u00edraj\u00ed velmi mnoho voln\u00e9ho prostoru, \u010d\u00edm\u017e vznik\u00e1 mrtv\u00fd, st\u011b\u017e\u00ed vyu\u017eiteln\u00fd kout, nav\u00edc nedostate\u010dn\u011b osv\u011btlen\u00fd. Neukrajujte vestav\u011bnou sk\u0159\u00edn\u00ed zbyte\u010dn\u011b m\u00edsto v lo\u017enici a zkuste p\u0159ijmout n\u00e1vrh \u0159e\u0161en\u00ed uzav\u0159en\u00ed schodi\u0161t\u011b do \u00fa\u010deln\u00e9ho celku. Sk\u0159\u00ed\u0148 s posuvn\u00fdmi dve\u0159mi pod schody \u2013 to je podobn\u00e9 \u0159e\u0161en\u00ed, jak\u00e9 se nab\u00edz\u00ed v podkrov\u00ed, tedy stoprocentn\u011b zu\u017eitkovan\u00fd prostor, kter\u00fd pojme v mnoha p\u0159\u00edpadech jak od\u011bvy, tak i obuv a \u00faklidov\u00e9 prost\u0159edky. \u00dalo\u017en\u00fd prostor v p\u0159eds\u00edniP\u0159eds\u00edn\u011b v mal\u00fdch bytech, to je ide\u00e1ln\u00ed zp\u016fsob, jak u\u0161et\u0159it prostor a nec\u00edtit se v takov\u00e9m prost\u0159ed\u00ed p\u0159\u00edli\u0161 sev\u0159en\u00ed. P\u0159eds\u00ed\u0148 zapln\u011bn\u00e1 v\u011bcmi a\u017e ke stropu v\u00e1m jist\u011b vadit nebude, v\u0161e z\u016fstane na jednom m\u00edst\u011b, snadno se tu zorientujete a ob\u00fdvac\u00ed pokoj a lo\u017enici si za\u0159\u00edd\u00edte tak, aby poskytovaly v\u00edce radosti ze \u017eivota, t\u0159eba s dostatkem pokojov\u00fdch rostlin, s nimi\u017e se v m\u00edstnosti l\u00e9pe udr\u017e\u00ed \u010derstv\u00fd, ionizovan\u00fd vzduch.                                                                                                                                                                                                                                                                                                                                                                                          3.5\/5 - (8 votes)        "},{"@context":"https:\/\/schema.org\/","@type":"BreadcrumbList","itemListElement":[{"@type":"ListItem","position":1,"name":"M\u00e9n\u011b obvykl\u00e1, ale \u00fa\u010deln\u00e1 \u0159e\u0161en\u00ed vestav\u011bn\u00fdch sk\u0159\u00edn\u00ed","item":"https:\/\/www.josu.cz\/mene-obvykla-ale-ucelna-reseni-vestavenych-skrini\/#breadcrumbitem"}]}]