[{"@context":"https:\/\/schema.org\/","@type":"Article","@id":"https:\/\/www.josu.cz\/mas-huawei-a-kde-mas-na-nej-obal\/#Article","mainEntityOfPage":"https:\/\/www.josu.cz\/mas-huawei-a-kde-mas-na-nej-obal\/","headline":"M\u00e1\u0161 Huawei? A kde m\u00e1\u0161 na n\u011bj obal?","name":"M\u00e1\u0161 Huawei? A kde m\u00e1\u0161 na n\u011bj obal?","description":"M\u00e1te doma sv\u016fj vysn\u011bn\u00fd obal na mobil nebo pr\u00e1v\u011b pot\u0159ebujete modern\u00ed, kter\u00fd v\u00e1s bude vystihovat? A u\u017e jste vid\u011bli na\u0161e obaly na mobil? P\u0159ij\u010fte! M\u00e1te doma nov\u00fd telefon, ale je\u0161t\u011b jste si nestihli zakoupit na n\u011bj obal? K \u010demu v\u00e1m bude obal? Ano to si \u0159\u00edk\u00e1 ka\u017ed\u00fd kdo m\u00e1 nov\u00fd telefon a tvrzen\u00e9 sklo na [&hellip;]","datePublished":"2021-12-14","dateModified":"2023-05-07","author":{"@type":"Person","@id":"https:\/\/www.josu.cz\/author\/#Person","name":"","url":"https:\/\/www.josu.cz\/author\/","identifier":1,"image":{"@type":"ImageObject","@id":"https:\/\/secure.gravatar.com\/avatar\/5522eb0fc8481dea5f6519f6a0b15ee2c46358d48429b281fd7c49cbb5a929f9?s=96&d=mm&r=g","url":"https:\/\/secure.gravatar.com\/avatar\/5522eb0fc8481dea5f6519f6a0b15ee2c46358d48429b281fd7c49cbb5a929f9?s=96&d=mm&r=g","height":96,"width":96}},"publisher":{"@type":"Organization","name":"josu.cz","logo":{"@type":"ImageObject","@id":"\/logo.png","url":"\/logo.png","width":600,"height":60}},"image":{"@type":"ImageObject","@id":"https:\/\/www.josu.cz\/wp-content\/uploads\/phone-g6236605ee_640.jpg","url":"https:\/\/www.josu.cz\/wp-content\/uploads\/phone-g6236605ee_640.jpg","height":0,"width":0},"url":"https:\/\/www.josu.cz\/mas-huawei-a-kde-mas-na-nej-obal\/","about":["Produkty"],"wordCount":496,"articleBody":"        M\u00e1te doma sv\u016fj vysn\u011bn\u00fd obal na mobil nebo pr\u00e1v\u011b pot\u0159ebujete modern\u00ed, kter\u00fd v\u00e1s bude vystihovat? A u\u017e jste vid\u011bli na\u0161e obaly na mobil? P\u0159ij\u010fte! M\u00e1te doma nov\u00fd telefon, ale je\u0161t\u011b jste si nestihli zakoupit na n\u011bj obal? K \u010demu v\u00e1m bude obal? Ano to si \u0159\u00edk\u00e1 ka\u017ed\u00fd kdo m\u00e1 nov\u00fd telefon a tvrzen\u00e9 sklo na telefon u\u017e m\u00e1te zakoupen\u00e9. Ale co, kdy\u017e v\u00e1m telefon vypadne?P\u0159ece nechcete m\u00edt za p\u00e1r dn\u00ed nebo m\u011bs\u00edc\u016f odrban\u00fd a po\u0161kr\u00e1ban\u00fd telefon to se u\u017e dnes nenos\u00ed. Kr\u00e1sn\u00e9 obaly na mobil Huawei m\u00e1me skladem a zaru\u010den\u011b se v\u00e1m budou l\u00edbit. Nemus\u00edte m\u00edt styl oby\u010dejn\u00e9ho v\u0161edn\u00edho obalu, dnes jsou ji\u017e takov\u00e9 do kter\u00fdch se zamilujete velmi rychle a nav\u00edc si je tak\u00e9 obl\u00edb\u00edte. \u017de tomu nev\u011b\u0159\u00edte? Pak zav\u00edtejte k n\u00e1m na n\u00e1\u0161 e-shop a vyberte si ze \u0161irok\u00e9 nab\u00eddky na\u0161eho zbo\u017e\u00ed. M\u00e1me obaly nejen pro zna\u010dku Huawei, ale tak\u00e9 pro dal\u0161\u00ed jin\u00e9 zn\u00e1me zna\u010dky. Proto se nemus\u00edte ni\u010deho b\u00e1t, \u017ee byste si snad obal na sv\u016fj telefon nena\u0161li. A jak\u00e9 obaly p\u0159esn\u011b nab\u00edz\u00edme? Nejen jednobarevn\u00e9, ale tak\u00e9 s potisky jako jsou nap\u0159\u00edklad zv\u00ed\u0159ata. Nebo snad sh\u00e1n\u00edte kryt nebo snad dokonce pouzdro? To u n\u00e1s tak\u00e9 najdete a ne v mal\u00e9 m\u00ed\u0159e. Nebo snad sh\u00e1n\u00edte pro n\u011bkoho zn\u00e1m\u00e9ho d\u00e1rek? Tak s n\u00e1mi se doty\u010dn\u00e9 nebo snad doty\u010dn\u00e9mu ur\u010dit\u011b zavd\u011b\u010d\u00edte.Proto\u017ee i takov\u00fdm vkusn\u00fdm a elegantn\u00edm a z\u00e1rove\u0148 modern\u00edm obalem, krytem nebo snad pouzdrem se zal\u00edb\u00edte i ve va\u0161\u00ed pr\u00e1ci. Moc dob\u0159e v\u00edme, \u017ee jsou mezi n\u00e1mi i tac\u00ed kte\u0159\u00ed by si nedok\u00e1zali p\u0159edstavit m\u00edt telefon nav\u00edc je\u0161t\u011b v n\u011bjak\u00e9m pouzdru. Telefony jsou v dne\u0161n\u00ed dob\u011b st\u00e1le v\u011bt\u0161\u00ed a v\u011bt\u0161\u00ed a p\u0159i t\u00e9 p\u0159edstav\u011b, \u017ee budete m\u00edt m\u00edsto telefonu v kapse cihlu z\u00e1jem kles\u00e1. Ale z praktick\u00e9ho hlediska je to v\u00fdborn\u00fd pomocn\u00edk, a tak\u00e9 dobr\u00fd zachr\u00e1nce, proto\u017ee kdo m\u00e1 na to, aby si ka\u017ed\u00fd m\u011bs\u00edc mohl kupovat nov\u00fd telefon? Ano zajist\u00e9 za najdou lid\u00e9 co si to dovolit mohou, ale pro\u010d zbyte\u010dn\u011b utr\u00e1cet tis\u00edce za telefon, kdy\u017e m\u016f\u017eete m\u00edt kr\u00e1sn\u00fd obal ji\u017e dnes a za velmi dobrou cenu. A na\u0161e nejsou takov\u00e9, \u017ee byste si p\u0159ipadali, \u017ee m\u00e1te v kapse cihlu. Opravdu jsou velmi lehk\u00e9 a u\u017eite\u010dn\u00e9. Pokud si nejste jisti sv\u00fdm v\u00fdb\u011brem tak se n\u00e1m zajist\u00e9 ozv\u011bte a ur\u010dit\u011b spolu n\u011bco vymysl\u00edme.                                                                                                                                                                                                                                                                                                                                                                                          4.2\/5 - (16 votes)        "},{"@context":"https:\/\/schema.org\/","@type":"BreadcrumbList","itemListElement":[{"@type":"ListItem","position":1,"name":"M\u00e1\u0161 Huawei? A kde m\u00e1\u0161 na n\u011bj obal?","item":"https:\/\/www.josu.cz\/mas-huawei-a-kde-mas-na-nej-obal\/#breadcrumbitem"}]}]