[{"@context":"https:\/\/schema.org\/","@type":"Article","@id":"https:\/\/www.josu.cz\/kozene-kabelky-jako-prakticke-doplnky\/#Article","mainEntityOfPage":"https:\/\/www.josu.cz\/kozene-kabelky-jako-prakticke-doplnky\/","headline":"Ko\u017een\u00e9 kabelky, jako praktick\u00e9 dopl\u0148ky","name":"Ko\u017een\u00e9 kabelky, jako praktick\u00e9 dopl\u0148ky","description":"\u017deny a kabelky je v\u011b\u010dn\u00e1 z\u00e1le\u017eitost. \u017deny jich maj\u00ed v\u00edce, proto\u017ee na ka\u017edou ud\u00e1lost se hod\u00ed jin\u00fd styl kabelek. R\u016fzn\u00e9 kabelky se tak\u00e9 hod\u00ed k r\u016fzn\u00fdm outfit\u016fm. A hlavn\u011b kabelka mus\u00ed b\u00fdt kr\u00e1sn\u00e1, ale i praktick\u00e1. N\u011bkter\u00e9 kabelky jsou jak m\u00f3dn\u00ed dopln\u011bk, ale jsou p\u0159edev\u0161\u00edm pro praktick\u00e9 \u00fa\u010dely. N\u011bkter\u00e9 \u017eeny vol\u00ed sp\u00ed\u0161e elegantn\u00ed kabelky, jin\u00e9 [&hellip;]","datePublished":"2022-04-04","dateModified":"2023-05-07","author":{"@type":"Person","@id":"https:\/\/www.josu.cz\/author\/#Person","name":"","url":"https:\/\/www.josu.cz\/author\/","identifier":1,"image":{"@type":"ImageObject","@id":"https:\/\/secure.gravatar.com\/avatar\/5522eb0fc8481dea5f6519f6a0b15ee2c46358d48429b281fd7c49cbb5a929f9?s=96&d=mm&r=g","url":"https:\/\/secure.gravatar.com\/avatar\/5522eb0fc8481dea5f6519f6a0b15ee2c46358d48429b281fd7c49cbb5a929f9?s=96&d=mm&r=g","height":96,"width":96}},"publisher":{"@type":"Organization","name":"josu.cz","logo":{"@type":"ImageObject","@id":"\/logo.png","url":"\/logo.png","width":600,"height":60}},"image":{"@type":"ImageObject","@id":"https:\/\/www.josu.cz\/wp-content\/uploads\/pocket-gcbe12e864_640.jpg","url":"https:\/\/www.josu.cz\/wp-content\/uploads\/pocket-gcbe12e864_640.jpg","height":0,"width":0},"url":"https:\/\/www.josu.cz\/kozene-kabelky-jako-prakticke-doplnky\/","about":["Produkty"],"wordCount":415,"articleBody":"\u017deny a kabelky je v\u011b\u010dn\u00e1 z\u00e1le\u017eitost. \u017deny jich maj\u00ed v\u00edce, proto\u017ee na ka\u017edou ud\u00e1lost se hod\u00ed jin\u00fd styl kabelek. R\u016fzn\u00e9 kabelky se tak\u00e9 hod\u00ed k r\u016fzn\u00fdm outfit\u016fm. A hlavn\u011b kabelka mus\u00ed b\u00fdt kr\u00e1sn\u00e1, ale i praktick\u00e1. N\u011bkter\u00e9 kabelky jsou jak m\u00f3dn\u00ed dopln\u011bk, ale jsou p\u0159edev\u0161\u00edm pro praktick\u00e9 \u00fa\u010dely.N\u011bkter\u00e9 \u017eeny vol\u00ed sp\u00ed\u0161e elegantn\u00ed kabelky, jin\u00e9 naopak sp\u00ed\u0161e praktick\u00e9 a sportovn\u00ed a n\u011bkdo pot\u0159ebuje kabelku tak n\u011bco mezi. Daj\u00ed se sehnat kabelky, kter\u00e9 maj\u00ed dlouh\u00fd popruh a tak se daj\u00ed nosit i na prot\u011bj\u0161\u00edm ramenu a t\u00edm zaji\u0161\u0165uj\u00ed v\u011bt\u0161\u00ed pohodln\u00ed p\u0159i dlouh\u00e9m no\u0161en\u00ed a p\u0159i v\u011bt\u0161\u00edm zat\u00ed\u017een\u00ed kabelky.Existuj\u00ed tak\u00e9 batohy, kter\u00e9 jsou elegantn\u00ed a lze v nich nosit t\u011b\u017ek\u00e9 v\u011bci i notebook. Ty se hod\u00ed do pr\u00e1ce, do \u0161koly i na v\u00fdlety. No\u0161en\u00ed t\u011b\u017ek\u00fdch v\u011bc\u00ed v batohu je mnohem pohodln\u011bj\u0161\u00ed pro z\u00e1da i ramena.Kabelky se tak\u00e9 vyr\u00e1b\u011bj\u00ed v r\u016fzn\u00fdch barv\u00e1ch, z r\u016fzn\u00fdch materi\u00e1l\u016f a v r\u016fzn\u00e9m proveden\u00ed a st\u0159ih\u016f. D\u00e1msk\u00e1 ko\u017een\u00e1 kabelka je takov\u00e1 st\u00e1lice mezi kabelkami. Je praktick\u00e1, m\u016f\u017eete ji po\u0159\u00eddit v r\u016fzn\u00fdch velikostech a proveden\u00ed. D\u00edky k\u016f\u017ei vydr\u017e\u00ed opravdu hodn\u011b a tak\u00e9 zvl\u00e1dne i lehk\u00fd d\u00e9\u0161\u0165. K\u016f\u017ee vypad\u00e1 elegantn\u011b a z\u00e1rove\u0148 je lehce udr\u017eovateln\u00e1 a dlouho vypad\u00e1 st\u00e1le jako nov\u00e1. K\u016f\u017ei m\u016f\u017eete tak\u00e9 impregnovat a prodlou\u017eit tak \u017eivotnost kabelky.Kabelky jsou dom\u00e9nou \u017een a bez n\u00ed se v\u011bt\u0161ina \u017een neobejde. Ka\u017ed\u00e1 \u017eena m\u00e1 sv\u016fj origin\u00e1ln\u00ed styl a tak si m\u016f\u017ee vybrat ze \u0161irok\u00e9 nab\u00eddky r\u016fzn\u00fdch kabelek. Je dobr\u00e9 m\u00edt ve v\u00fdbav\u011b, jak kabelku elegantn\u00ed a spole\u010denskou, tak tak\u00e9 sportovn\u00ed a takovou, kter\u00e1 se hod\u00ed na v\u011bt\u0161inu ud\u00e1lost\u00ed a kterou prost\u011b vezmete a jdete, kter\u00e1 se hod\u00ed k v\u011bt\u0161in\u011b oble\u010den\u00ed. O kabelku je dobr\u00e9 se tak\u00e9 starat, udr\u017eovat ji \u010distou a m\u00edt v n\u00ed po\u0159\u00e1dek, co\u017e nen\u00ed v\u017edy jednoduch\u00e9 dodr\u017eovat. M\u016f\u017eete si po\u0159\u00eddit i organiz\u00e9r do kabelek. N\u011bkter\u00e9 kabelky se daj\u00ed i pr\u00e1t, jin\u00e9 je t\u0159eba o\u0161et\u0159ovat podle materi\u00e1lu, ze kter\u00e9ho je zpracovan\u00e1.                                                                                                                                                                                                                                                                                                                                                                                         3\/5 - (2 votes)        "},{"@context":"https:\/\/schema.org\/","@type":"BreadcrumbList","itemListElement":[{"@type":"ListItem","position":1,"name":"Ko\u017een\u00e9 kabelky, jako praktick\u00e9 dopl\u0148ky","item":"https:\/\/www.josu.cz\/kozene-kabelky-jako-prakticke-doplnky\/#breadcrumbitem"}]}]