[{"@context":"https:\/\/schema.org\/","@type":"Article","@id":"https:\/\/www.josu.cz\/jsme-pripraveni-se-vam-maximalne-venovat\/#Article","mainEntityOfPage":"https:\/\/www.josu.cz\/jsme-pripraveni-se-vam-maximalne-venovat\/","headline":"Jsme p\u0159ipraveni se v\u00e1m maxim\u00e1ln\u011b v\u011bnovat","name":"Jsme p\u0159ipraveni se v\u00e1m maxim\u00e1ln\u011b v\u011bnovat","description":"Pat\u0159\u00edte mezi star\u0161\u00ed generaci a ob\u00e1v\u00e1te se toho, po p\u0159edchoz\u00edch neblah\u00fdch zku\u0161enostech u jin\u00fdch instituc\u00ed, \u017ee pokud se u n\u00e1s rozhodnete objednat n\u011bkter\u00fd z pobyt\u016f pro seniory,nebudeme se v\u00e1m n\u00e1le\u017eit\u011b v\u011bnovat a s va\u0161\u00edm v\u00fdb\u011brem v\u00e1m nepom\u016f\u017eeme? Ob\u00e1v\u00e1te se naprosto zbyte\u010dn\u011b! Pat\u0159\u00edme k t\u011bm spole\u010dnostem, kter\u00e9 si zakl\u00e1daj\u00ed na ryze individu\u00e1ln\u00edm p\u0159\u00edstupu ke ka\u017ed\u00e9mu z\u00e1kazn\u00edkovi, [&hellip;]","datePublished":"2025-08-27","dateModified":"2025-08-27","author":{"@type":"Person","@id":"https:\/\/www.josu.cz\/author\/#Person","name":"","url":"https:\/\/www.josu.cz\/author\/","identifier":1,"image":{"@type":"ImageObject","@id":"https:\/\/secure.gravatar.com\/avatar\/5522eb0fc8481dea5f6519f6a0b15ee2c46358d48429b281fd7c49cbb5a929f9?s=96&d=mm&r=g","url":"https:\/\/secure.gravatar.com\/avatar\/5522eb0fc8481dea5f6519f6a0b15ee2c46358d48429b281fd7c49cbb5a929f9?s=96&d=mm&r=g","height":96,"width":96}},"publisher":{"@type":"Organization","name":"josu.cz","logo":{"@type":"ImageObject","@id":"\/logo.png","url":"\/logo.png","width":600,"height":60}},"url":"https:\/\/www.josu.cz\/jsme-pripraveni-se-vam-maximalne-venovat\/","wordCount":257,"articleBody":"Pat\u0159\u00edte mezi star\u0161\u00ed generaci a ob\u00e1v\u00e1te se toho, po p\u0159edchoz\u00edch neblah\u00fdch zku\u0161enostech u jin\u00fdch instituc\u00ed, \u017ee pokud se u n\u00e1s rozhodnete objednat n\u011bkter\u00fd z pobyt\u016f pro seniory,nebudeme se v\u00e1m n\u00e1le\u017eit\u011b v\u011bnovat a s va\u0161\u00edm v\u00fdb\u011brem v\u00e1m nepom\u016f\u017eeme? Ob\u00e1v\u00e1te se naprosto zbyte\u010dn\u011b! Pat\u0159\u00edme k t\u011bm spole\u010dnostem, kter\u00e9 si zakl\u00e1daj\u00ed na ryze individu\u00e1ln\u00edm p\u0159\u00edstupu ke ka\u017ed\u00e9mu z\u00e1kazn\u00edkovi, nebo\u0165 jsme si v\u011bdomi toho, \u017ee star\u0161\u00ed lid\u00e9 to nejen pot\u0159ebuj\u00ed, ale tak\u00e9 ocen\u00ed. Pr\u00e1v\u011b proto v\u00e1s v\u0161echny, kter\u00fdm je 55 let a v\u00edce, up\u0159ednost\u0148ujeme a zv\u00fdhod\u0148ujeme. Pobyty pro seniory v l\u00e1zn\u00edch, u mo\u0159e i na hor\u00e1ch Programy, kter\u00e9 nab\u00edz\u00edme, jsou dotov\u00e1ny Evropskou uni\u00ed a d\u00edky tomu vych\u00e1zej\u00ed levn\u011bji, ne\u017e kdybyste si je po\u0159izovali jinde. Vyberte si n\u011bjakou zahrani\u010dn\u00ed destinaci a spl\u0148te si kone\u010dn\u011b sv\u016fj sen, na kter\u00fd s n\u00e1mi finan\u010dn\u011b dos\u00e1hnete! Netou\u017e\u00edte po zahrani\u010d\u00ed, jste v pln\u00e9 kondici a l\u00e1kaj\u00ed v\u00e1s mnohem v\u00edce zimn\u00ed sporty, p\u0159i kter\u00fdch se po\u0159\u00e1dn\u011b zapot\u00edte a nav\u00edc se p\u0159i nich m\u016f\u017eete koupat v t\u0159pytiv\u00fdch paprsc\u00edch slunce? Na v\u00fdb\u011br jsou v\u0161ak i jin\u00e9 mo\u017enosti &#8211; p\u0159esv\u011bd\u010dte se sami prost\u0159ednictv\u00edm na\u0161\u00ed nab\u00eddky.                                                                                                                                                                                                                                                                                                                                                                                                "},{"@context":"https:\/\/schema.org\/","@type":"BreadcrumbList","itemListElement":[{"@type":"ListItem","position":1,"name":"Jsme p\u0159ipraveni se v\u00e1m maxim\u00e1ln\u011b v\u011bnovat","item":"https:\/\/www.josu.cz\/jsme-pripraveni-se-vam-maximalne-venovat\/#breadcrumbitem"}]}]