[{"@context":"https:\/\/schema.org\/","@type":"Article","@id":"https:\/\/www.josu.cz\/jit-za-snem\/#Article","mainEntityOfPage":"https:\/\/www.josu.cz\/jit-za-snem\/","headline":"J\u00edt za snem","name":"J\u00edt za snem","description":"Ur\u010dit\u011b je v\u00e1m naprosto zn\u00e1mo, \u017ee v m\u00f3d\u011b se jen tak ka\u017ed\u00fd nevyzn\u00e1. Ale ka\u017ed\u00fd si mysl\u00ed, \u017ee tohle nen\u00ed \u017e\u00e1dn\u00e1 t\u011b\u017ek\u00e1 pr\u00e1ce a a zaj\u00edmat se o m\u00f3du um\u00ed jen \u017eeny. Ale tohle je jeden velk\u00fd omyl a ur\u010dit\u011b to nen\u00ed pravda. V\u017edy\u0165 dnes u\u017e m\u00e1me spousty m\u00f3dn\u00edch n\u00e1vrh\u00e1\u0159\u016f, kte\u0159\u00ed prorazili se svou prac\u00ed [&hellip;]","datePublished":"2022-03-09","dateModified":"2023-05-07","author":{"@type":"Person","@id":"https:\/\/www.josu.cz\/author\/#Person","name":"","url":"https:\/\/www.josu.cz\/author\/","identifier":1,"image":{"@type":"ImageObject","@id":"https:\/\/secure.gravatar.com\/avatar\/5522eb0fc8481dea5f6519f6a0b15ee2c46358d48429b281fd7c49cbb5a929f9?s=96&d=mm&r=g","url":"https:\/\/secure.gravatar.com\/avatar\/5522eb0fc8481dea5f6519f6a0b15ee2c46358d48429b281fd7c49cbb5a929f9?s=96&d=mm&r=g","height":96,"width":96}},"publisher":{"@type":"Organization","name":"josu.cz","logo":{"@type":"ImageObject","@id":"\/logo.png","url":"\/logo.png","width":600,"height":60}},"image":{"@type":"ImageObject","@id":"https:\/\/www.josu.cz\/wp-content\/uploads\/nejlep_i_modni_navrha_i_na_sv_t_234_portada.png","url":"https:\/\/www.josu.cz\/wp-content\/uploads\/nejlep_i_modni_navrha_i_na_sv_t_234_portada.png","height":0,"width":0},"url":"https:\/\/www.josu.cz\/jit-za-snem\/","about":["M\u00f3da"],"wordCount":478,"articleBody":"Ur\u010dit\u011b je v\u00e1m naprosto zn\u00e1mo, \u017ee v m\u00f3d\u011b se jen tak ka\u017ed\u00fd nevyzn\u00e1. Ale ka\u017ed\u00fd si mysl\u00ed, \u017ee tohle nen\u00ed \u017e\u00e1dn\u00e1 t\u011b\u017ek\u00e1 pr\u00e1ce a a zaj\u00edmat se o m\u00f3du um\u00ed jen \u017eeny. Ale tohle je jeden velk\u00fd omyl a ur\u010dit\u011b to nen\u00ed pravda. V\u017edy\u0165 dnes u\u017e m\u00e1me spousty m\u00f3dn\u00edch n\u00e1vrh\u00e1\u0159\u016f, kte\u0159\u00ed prorazili se svou prac\u00ed do sv\u011bta m\u00f3dy. Za ka\u017ed\u00fdm kouskem oble\u010den\u00ed je ukryta spousta pr\u00e1ce. Od samotn\u00e9ho navrhnut\u00ed po u\u0161it\u00ed. Pokud se o m\u00f3du zaj\u00edm\u00e1te a cht\u011bli by jste se st\u00e1t nap\u0159\u00edklad n\u00e1vrh\u00e1\u0159i, dejte se do toho. Vyberte si tu spr\u00e1vnou \u0161kolu, kurz. M\u00e1te skv\u011bl\u00e9 n\u00e1pady? Mysl\u00edte si, \u017ee zrovna va\u0161e n\u00e1vrhy jsou ty nejlep\u0161\u00ed a byl by o n\u011b z\u00e1jem? M\u016f\u017eete vyzkou\u0161et kontaktovat p\u0159\u00edmo agenturu, kter\u00e1 se na va\u0161e n\u00e1vrhy pod\u00edv\u00e1 a odborn\u011b je vyhodnot\u00ed.\u00a0M\u00f3da se ka\u017ed\u00fd rok m\u011bn\u00ed. Ale co rok. Dokonce i ka\u017ed\u00e9 ro\u010dn\u00ed obdob\u00ed. Jedn\u00e1 se o barvy, st\u0159ihy, vzory, d\u00e9lky a pokud m\u00e1te opravdu talent tak se v tomhle sv\u011bt\u011b neztrat\u00edte a je na \u010dase vyu\u017e\u00edt sv\u016fj potenci\u00e1l na plno. Uk\u00e1zat co ve v\u00e1s je. T\u0159eba i vy proraz\u00edte do sv\u011bta m\u00f3dn\u00edch n\u00e1vrh\u00e1\u0159\u016f. A co vy v\u00edte, taky v\u00e1\u0161 n\u00e1vrh m\u016f\u017ee nosit zn\u00e1m\u00e1 celebrita. Ur\u010dit\u011b by to pro v\u00e1s byla \u010dest.\u00a0M\u00e1m pro v\u00e1s p\u00e1r typ\u016f jak se m\u016f\u017eete st\u00e1t designerem oble\u010den\u00ed.\u00a0Ur\u010dit\u011b je d\u016fle\u017eit\u00e9 ur\u010dit si, komu navrhovan\u00e9 oble\u010den\u00ed padne. M\u016f\u017eete si vybrat z obor\u016f d\u00e1msk\u00fdch, p\u00e1nsk\u00fdch, d\u011btsk\u00fdch od\u011bv\u016f. D\u00e1le zda budete vytv\u00e1\u0159et spole\u010densk\u00e9 \u0161aty, sportovn\u00ed oble\u010den\u00ed, nebo spodn\u00edho pr\u00e1dla ur\u010dit\u011b je toho je\u0161t\u011b spousty, tak \u017ee v\u00fdb\u011br je opravdu \u0161irok\u00fd.\u00a0Zkuste si zajistit st\u00e1\u017e, kde sami si vlastn\u011b vyzkou\u0161\u00edte co se v t\u00e9hle pr\u00e1ci v\u0161echno ukr\u00fdv\u00e1. Jestli je to opravdu v\u0161echno tak podle va\u0161ich p\u0159edstav.\u00a0Ur\u010dit\u011b je taky dobr\u00e9 m\u00edt n\u011bjak\u00e9 vzd\u011bl\u00e1n\u00ed, aby jste v\u011bd\u011bli co v\u016fbec budete d\u011blat. Mus\u00edte um\u011bt st\u0159\u00edhat a \u0161\u00edt. Pr\u00e1ce na po\u010d\u00edta\u010di, kde budete pracovat pomoc\u00ed program\u016f. Zn\u00e1t r\u016fzn\u00e9 druhy tkanin, kter\u00e9 budete pou\u017e\u00edvat a tak d\u00e1le.Klidn\u011b m\u016f\u017eete vyjet i studovat do zahrani\u010d\u00ed, kde m\u00e1te v\u011bt\u0161\u00ed mo\u017enost se setkat se sv\u011btov\u00fdmi n\u00e1vrh\u00e1\u0159i a z\u00edskat i v\u011bt\u0161\u00ed obzor pro va\u0161e n\u00e1vrhy.\u00a0                                                                                                                                                                                                                                                                                                                                                                                        5\/5 - (3 votes)        "},{"@context":"https:\/\/schema.org\/","@type":"BreadcrumbList","itemListElement":[{"@type":"ListItem","position":1,"name":"J\u00edt za snem","item":"https:\/\/www.josu.cz\/jit-za-snem\/#breadcrumbitem"}]}]