[{"@context":"https:\/\/schema.org\/","@type":"Article","@id":"https:\/\/www.josu.cz\/jak-se-citite-ve-sve-kuchyni\/#Article","mainEntityOfPage":"https:\/\/www.josu.cz\/jak-se-citite-ve-sve-kuchyni\/","headline":"Jak se c\u00edt\u00edte ve sv\u00e9 kuchyni?","name":"Jak se c\u00edt\u00edte ve sv\u00e9 kuchyni?","description":"Kdy\u017e u\u017e jste jednou n\u011bkde v n\u011bjak\u00e9m objektu doma, m\u011bli byste se tam c\u00edtit skv\u011ble nebo aspo\u0148 velmi dob\u0159e. Proto\u017ee to je m\u00edsto, na kter\u00e9 pat\u0159\u00edte, kde tr\u00e1v\u00edte podstatnou \u010d\u00e1st sv\u00e9ho \u017eivota, a v tom p\u0159\u00edpad\u011b by nebylo dobr\u00e9, abyste se tu \u010d\u00edmkoliv zbyte\u010dn\u011b tr\u00e1pili. Domov je domov a v tom m\u00e1 b\u00fdt hezky. Co\u017e [&hellip;]","datePublished":"2025-03-29","dateModified":"2025-03-29","author":{"@type":"Person","@id":"https:\/\/www.josu.cz\/author\/#Person","name":"","url":"https:\/\/www.josu.cz\/author\/","identifier":1,"image":{"@type":"ImageObject","@id":"https:\/\/secure.gravatar.com\/avatar\/5522eb0fc8481dea5f6519f6a0b15ee2c46358d48429b281fd7c49cbb5a929f9?s=96&d=mm&r=g","url":"https:\/\/secure.gravatar.com\/avatar\/5522eb0fc8481dea5f6519f6a0b15ee2c46358d48429b281fd7c49cbb5a929f9?s=96&d=mm&r=g","height":96,"width":96}},"publisher":{"@type":"Organization","name":"josu.cz","logo":{"@type":"ImageObject","@id":"\/logo.png","url":"\/logo.png","width":600,"height":60}},"image":{"@type":"ImageObject","@id":"https:\/\/www.josu.cz\/wp-content\/uploads\/k_10_2.jpg","url":"https:\/\/www.josu.cz\/wp-content\/uploads\/k_10_2.jpg","height":0,"width":0},"url":"https:\/\/www.josu.cz\/jak-se-citite-ve-sve-kuchyni\/","about":["Slu\u017eby"],"wordCount":459,"articleBody":"       Kdy\u017e u\u017e jste jednou n\u011bkde v n\u011bjak\u00e9m objektu doma, m\u011bli byste se tam c\u00edtit skv\u011ble nebo aspo\u0148 velmi dob\u0159e. Proto\u017ee to je m\u00edsto, na kter\u00e9 pat\u0159\u00edte, kde tr\u00e1v\u00edte podstatnou \u010d\u00e1st sv\u00e9ho \u017eivota, a v tom p\u0159\u00edpad\u011b by nebylo dobr\u00e9, abyste se tu \u010d\u00edmkoliv zbyte\u010dn\u011b tr\u00e1pili. Domov je domov a v tom m\u00e1 b\u00fdt hezky. Co\u017e znamen\u00e1, \u017ee by to tam m\u011blo b\u00fdt i vhodn\u011b za\u0159\u00edzen\u00e9. Nem\u011blo by tu b\u00fdt n\u011bco, co n\u00e1m lidem komplikuje \u017eivot, a pokud mo\u017eno by tu nem\u011blo b\u00fdt ani to, co znamen\u00e1 mal\u00e9 nep\u0159\u00edjemnosti. V\u0161echno by m\u011blo b\u00fdt nejlep\u0161\u00ed, jak\u00e9 to jenom m\u016f\u017ee b\u00fdt.Doma tedy m\u00e1me n\u011bjak za\u0159\u00edzen\u00e9 pokoje. A samoz\u0159ejm\u011b i kuchyni. A i kdy\u017e se zd\u00e1, \u017ee je nejd\u016fle\u017eit\u011bj\u0161\u00ed ob\u00fdvac\u00ed pokoj, kde tr\u00e1v\u00edme asi nejv\u00edc \u010dasu a kam si zveme n\u00e1v\u0161t\u011bvy, p\u0159\u00edpadn\u011b \u017ee z\u00e1le\u017e\u00ed hlavn\u011b na lo\u017enici, proto\u017ee tam se n\u00e1m mus\u00ed dob\u0159e sp\u00e1t, je jist\u00e9, \u017ee ani na kuchyni nesm\u00edme zapom\u00ednat. I ta pot\u0159ebuje vybaven\u00ed, a i to by m\u011blo b\u00fdt p\u0159esn\u011b takov\u00e9, jak\u00e9 ho pot\u0159ebujeme a jak\u00e9 se n\u00e1m l\u00edb\u00ed. Jen\u017ee v\u0161ichni jist\u011b v\u00edte, jak to v dne\u0161n\u00ed spole\u010dnosti chod\u00ed. Hlavn\u00ed je vyr\u00e1b\u011bt co nejlevn\u011bji a prodat co nejdr\u00e1\u017ee, aby se vyd\u011blaly pen\u00edze. A tak se mezi t\u00edm, co n\u00e1m nab\u00edzej\u00ed obchodn\u00edci, vyskytuje i spousta kuchy\u0148sk\u00e9ho vybaven\u00ed, kter\u00e9 za moc nestoj\u00ed. A i kdy\u017e n\u011bkde objev\u00edme n\u011bco, co vypad\u00e1 dob\u0159e a je z kvalitn\u00edho materi\u00e1lu, nem\u00e1me je\u0161t\u011b vyhr\u00e1no, proto\u017ee to nemus\u00ed b\u00fdt rozm\u011bry vhodn\u00e9 pro na\u0161i kuchyni, p\u0159\u00edpadn\u011b se nepoda\u0159\u00ed sehnat dal\u0161\u00ed vybaven\u00ed, kter\u00e9 by s t\u00edmto ladilo. A m\u016f\u017ee tu b\u00fdt cel\u00e1 \u0159ada dal\u0161\u00edch komplikac\u00ed, kv\u016fli kter\u00fdm nemus\u00ed b\u00fdt na\u0161e kuchyn\u011b takov\u00e1, jak\u00e1 by m\u011bla b\u00fdt. Ale nikdy nen\u00ed nic ztracen\u00e9. A tak i probl\u00e9my p\u0159i vybavov\u00e1n\u00ed kuchyn\u00ed m\u016f\u017eeme \u0159e\u0161it. A to po\u0159\u00edzen\u00edm si kuchy\u0148sk\u00e9ho vybaven\u00ed na m\u00edru. Takov\u00e9 levn\u00e9 kuchyn\u011b na m\u00edru Praha d\u00e1vno zn\u00e1. A zn\u00e1 je nejen na\u0161e hlavn\u00ed m\u011bsto, m\u016f\u017ee je m\u00edt kdokoliv kdekoliv. A pokud si nech\u00e1te vyrobit kuchyni p\u0159\u00edmo na m\u00edru i vy, dob\u0159e ud\u011bl\u00e1te. Budete m\u00edt dokonalej\u0161\u00ed domov, a to za to stoj\u00ed.                                                                                                                                                                                                                                                                                                                                                                                          4.9\/5 - (7 votes)        "},{"@context":"https:\/\/schema.org\/","@type":"BreadcrumbList","itemListElement":[{"@type":"ListItem","position":1,"name":"Jak se c\u00edt\u00edte ve sv\u00e9 kuchyni?","item":"https:\/\/www.josu.cz\/jak-se-citite-ve-sve-kuchyni\/#breadcrumbitem"}]}]