[{"@context":"https:\/\/schema.org\/","@type":"Blog","@id":"https:\/\/www.josu.cz#Blog","headline":"Josu","description":"\nByli bychom tuze r\u00e1di, kdybyste s n\u00e1mi byli na na\u0161\u00ed internetov\u00e9 str\u00e1nce r\u00e1di. Proto\u017ee jsme r\u00e1di, kdy\u017e jste r\u00e1di, a r\u00e1di v\u00e1m tady v\u0161estrann\u011b vyhov\u00edme.","url":"https:\/\/www.josu.cz","hasPart":[{"@type":"Article","@id":"https:\/\/www.josu.cz\/francouzska-polynesie-raj-na-zemi\/","headline":"Francouzsk\u00e1 Polyn\u00e9sie: r\u00e1j na zemi","url":"https:\/\/www.josu.cz\/francouzska-polynesie-raj-na-zemi\/","datePublished":"2026-02-09","dateModified":"2026-02-09","mainEntityOfPage":"https:\/\/www.josu.cz\/francouzska-polynesie-raj-na-zemi\/","author":{"@type":"Person","@id":"https:\/\/www.josu.cz\/author\/#Person","name":"","url":"https:\/\/www.josu.cz\/author\/","identifier":1,"image":{"@type":"ImageObject","@id":"https:\/\/secure.gravatar.com\/avatar\/5522eb0fc8481dea5f6519f6a0b15ee2c46358d48429b281fd7c49cbb5a929f9?s=96&d=mm&r=g","url":"https:\/\/secure.gravatar.com\/avatar\/5522eb0fc8481dea5f6519f6a0b15ee2c46358d48429b281fd7c49cbb5a929f9?s=96&d=mm&r=g","height":96,"width":96}},"publisher":{"@type":"Organization","name":"josu.cz","logo":{"@type":"ImageObject","@id":"\/logo.png","url":"\/logo.png","width":600,"height":60}},"image":null,"wordCount":490,"keywords":null},{"@type":"Article","@id":"https:\/\/www.josu.cz\/skodlivost-plisni-na-lidske-zdravi\/","headline":"\u0160kodlivost pl\u00edsn\u00ed na lidsk\u00e9 zdrav\u00ed","url":"https:\/\/www.josu.cz\/skodlivost-plisni-na-lidske-zdravi\/","datePublished":"2026-01-22","dateModified":"2026-01-22","mainEntityOfPage":"https:\/\/www.josu.cz\/skodlivost-plisni-na-lidske-zdravi\/","author":{"@type":"Person","@id":"https:\/\/www.josu.cz\/author\/#Person","name":"","url":"https:\/\/www.josu.cz\/author\/","identifier":1,"image":{"@type":"ImageObject","@id":"https:\/\/secure.gravatar.com\/avatar\/5522eb0fc8481dea5f6519f6a0b15ee2c46358d48429b281fd7c49cbb5a929f9?s=96&d=mm&r=g","url":"https:\/\/secure.gravatar.com\/avatar\/5522eb0fc8481dea5f6519f6a0b15ee2c46358d48429b281fd7c49cbb5a929f9?s=96&d=mm&r=g","height":96,"width":96}},"publisher":{"@type":"Organization","name":"josu.cz","logo":{"@type":"ImageObject","@id":"\/logo.png","url":"\/logo.png","width":600,"height":60}},"image":{"@type":"ImageObject","@id":"https:\/\/www.josu.cz\/wp-content\/uploads\/emelieewestman-home-4720969_640.jpg","url":"https:\/\/www.josu.cz\/wp-content\/uploads\/emelieewestman-home-4720969_640.jpg","height":0,"width":0},"wordCount":601,"keywords":null},{"@type":"Article","@id":"https:\/\/www.josu.cz\/pozorujete-radi-zeny\/","headline":"Pozorujete r\u00e1di \u017eeny?","url":"https:\/\/www.josu.cz\/pozorujete-radi-zeny\/","datePublished":"2025-08-12","dateModified":"2025-08-12","mainEntityOfPage":"https:\/\/www.josu.cz\/pozorujete-radi-zeny\/","author":{"@type":"Person","@id":"https:\/\/www.josu.cz\/author\/#Person","name":"","url":"https:\/\/www.josu.cz\/author\/","identifier":1,"image":{"@type":"ImageObject","@id":"https:\/\/secure.gravatar.com\/avatar\/5522eb0fc8481dea5f6519f6a0b15ee2c46358d48429b281fd7c49cbb5a929f9?s=96&d=mm&r=g","url":"https:\/\/secure.gravatar.com\/avatar\/5522eb0fc8481dea5f6519f6a0b15ee2c46358d48429b281fd7c49cbb5a929f9?s=96&d=mm&r=g","height":96,"width":96}},"publisher":{"@type":"Organization","name":"josu.cz","logo":{"@type":"ImageObject","@id":"\/logo.png","url":"\/logo.png","width":600,"height":60}},"image":null,"wordCount":359,"keywords":null},{"@type":"Article","@id":"https:\/\/www.josu.cz\/plavba-po-berounce-s-netradicni-kilometrazi\/","headline":"Plavba po Berounce s netradi\u010dn\u00ed kilometr\u00e1\u017e\u00ed","url":"https:\/\/www.josu.cz\/plavba-po-berounce-s-netradicni-kilometrazi\/","datePublished":"2025-07-05","dateModified":"2025-07-05","mainEntityOfPage":"https:\/\/www.josu.cz\/plavba-po-berounce-s-netradicni-kilometrazi\/","author":{"@type":"Person","@id":"https:\/\/www.josu.cz\/author\/#Person","name":"","url":"https:\/\/www.josu.cz\/author\/","identifier":1,"image":{"@type":"ImageObject","@id":"https:\/\/secure.gravatar.com\/avatar\/5522eb0fc8481dea5f6519f6a0b15ee2c46358d48429b281fd7c49cbb5a929f9?s=96&d=mm&r=g","url":"https:\/\/secure.gravatar.com\/avatar\/5522eb0fc8481dea5f6519f6a0b15ee2c46358d48429b281fd7c49cbb5a929f9?s=96&d=mm&r=g","height":96,"width":96}},"publisher":{"@type":"Organization","name":"josu.cz","logo":{"@type":"ImageObject","@id":"\/logo.png","url":"\/logo.png","width":600,"height":60}},"image":{"@type":"ImageObject","@id":"https:\/\/www.josu.cz\/wp-content\/uploads\/tetin-2027145_640_10_10_9.jpg","url":"https:\/\/www.josu.cz\/wp-content\/uploads\/tetin-2027145_640_10_10_9.jpg","height":0,"width":0},"wordCount":628,"keywords":null},{"@type":"Article","@id":"https:\/\/www.josu.cz\/prostorove-usporne-reseni-pro-kazdou-garaz\/","headline":"Prostorov\u011b \u00fasporn\u00e9 \u0159e\u0161en\u00ed pro ka\u017edou gar\u00e1\u017e","url":"https:\/\/www.josu.cz\/prostorove-usporne-reseni-pro-kazdou-garaz\/","datePublished":"2025-06-21","dateModified":"2025-06-21","mainEntityOfPage":"https:\/\/www.josu.cz\/prostorove-usporne-reseni-pro-kazdou-garaz\/","author":{"@type":"Person","@id":"https:\/\/www.josu.cz\/author\/#Person","name":"","url":"https:\/\/www.josu.cz\/author\/","identifier":1,"image":{"@type":"ImageObject","@id":"https:\/\/secure.gravatar.com\/avatar\/5522eb0fc8481dea5f6519f6a0b15ee2c46358d48429b281fd7c49cbb5a929f9?s=96&d=mm&r=g","url":"https:\/\/secure.gravatar.com\/avatar\/5522eb0fc8481dea5f6519f6a0b15ee2c46358d48429b281fd7c49cbb5a929f9?s=96&d=mm&r=g","height":96,"width":96}},"publisher":{"@type":"Organization","name":"josu.cz","logo":{"@type":"ImageObject","@id":"\/logo.png","url":"\/logo.png","width":600,"height":60}},"image":{"@type":"ImageObject","@id":"https:\/\/www.josu.cz\/wp-content\/uploads\/rolovac%C3%AD%20br%C3%A1na.jpg","url":"https:\/\/www.josu.cz\/wp-content\/uploads\/rolovac%C3%AD%20br%C3%A1na.jpg","height":0,"width":0},"wordCount":632,"keywords":null},{"@type":"Article","@id":"https:\/\/www.josu.cz\/chranit-telefon-se-vyplati\/","headline":"Chr\u00e1nit telefon se vyplat\u00ed","url":"https:\/\/www.josu.cz\/chranit-telefon-se-vyplati\/","datePublished":"2025-06-02","dateModified":"2025-06-02","mainEntityOfPage":"https:\/\/www.josu.cz\/chranit-telefon-se-vyplati\/","author":{"@type":"Person","@id":"https:\/\/www.josu.cz\/author\/#Person","name":"","url":"https:\/\/www.josu.cz\/author\/","identifier":1,"image":{"@type":"ImageObject","@id":"https:\/\/secure.gravatar.com\/avatar\/5522eb0fc8481dea5f6519f6a0b15ee2c46358d48429b281fd7c49cbb5a929f9?s=96&d=mm&r=g","url":"https:\/\/secure.gravatar.com\/avatar\/5522eb0fc8481dea5f6519f6a0b15ee2c46358d48429b281fd7c49cbb5a929f9?s=96&d=mm&r=g","height":96,"width":96}},"publisher":{"@type":"Organization","name":"josu.cz","logo":{"@type":"ImageObject","@id":"\/logo.png","url":"\/logo.png","width":600,"height":60}},"image":{"@type":"ImageObject","@id":"https:\/\/www.josu.cz\/wp-content\/uploads\/phone-cases-g1b244fda5_640_10_10_8.jpg","url":"https:\/\/www.josu.cz\/wp-content\/uploads\/phone-cases-g1b244fda5_640_10_10_8.jpg","height":0,"width":0},"wordCount":533,"keywords":null},{"@type":"Article","@id":"https:\/\/www.josu.cz\/stolicky\/","headline":"Stoli\u010dky","url":"https:\/\/www.josu.cz\/stolicky\/","datePublished":"2025-04-27","dateModified":"2025-04-27","mainEntityOfPage":"https:\/\/www.josu.cz\/stolicky\/","author":{"@type":"Person","@id":"https:\/\/www.josu.cz\/author\/#Person","name":"","url":"https:\/\/www.josu.cz\/author\/","identifier":1,"image":{"@type":"ImageObject","@id":"https:\/\/secure.gravatar.com\/avatar\/5522eb0fc8481dea5f6519f6a0b15ee2c46358d48429b281fd7c49cbb5a929f9?s=96&d=mm&r=g","url":"https:\/\/secure.gravatar.com\/avatar\/5522eb0fc8481dea5f6519f6a0b15ee2c46358d48429b281fd7c49cbb5a929f9?s=96&d=mm&r=g","height":96,"width":96}},"publisher":{"@type":"Organization","name":"josu.cz","logo":{"@type":"ImageObject","@id":"\/logo.png","url":"\/logo.png","width":600,"height":60}},"image":null,"wordCount":219,"keywords":null},{"@type":"Article","@id":"https:\/\/www.josu.cz\/sekcni-garazova-vrata-pro-dvougeneracni-dum\/","headline":"Sek\u010dn\u00ed gar\u00e1\u017eov\u00e1 vrata pro dvougenera\u010dn\u00ed d\u016fm","url":"https:\/\/www.josu.cz\/sekcni-garazova-vrata-pro-dvougeneracni-dum\/","datePublished":"2025-04-18","dateModified":"2025-04-18","mainEntityOfPage":"https:\/\/www.josu.cz\/sekcni-garazova-vrata-pro-dvougeneracni-dum\/","author":{"@type":"Person","@id":"https:\/\/www.josu.cz\/author\/#Person","name":"","url":"https:\/\/www.josu.cz\/author\/","identifier":1,"image":{"@type":"ImageObject","@id":"https:\/\/secure.gravatar.com\/avatar\/5522eb0fc8481dea5f6519f6a0b15ee2c46358d48429b281fd7c49cbb5a929f9?s=96&d=mm&r=g","url":"https:\/\/secure.gravatar.com\/avatar\/5522eb0fc8481dea5f6519f6a0b15ee2c46358d48429b281fd7c49cbb5a929f9?s=96&d=mm&r=g","height":96,"width":96}},"publisher":{"@type":"Organization","name":"josu.cz","logo":{"@type":"ImageObject","@id":"\/logo.png","url":"\/logo.png","width":600,"height":60}},"image":{"@type":"ImageObject","@id":"https:\/\/www.josu.cz\/wp-content\/uploads\/vw-4891950_640_2.jpg","url":"https:\/\/www.josu.cz\/wp-content\/uploads\/vw-4891950_640_2.jpg","height":0,"width":0},"wordCount":524,"keywords":null},{"@type":"Article","@id":"https:\/\/www.josu.cz\/privatni-virivka\/","headline":"Priv\u00e1tn\u00ed v\u00ed\u0159ivka","url":"https:\/\/www.josu.cz\/privatni-virivka\/","datePublished":"2025-04-18","dateModified":"2025-04-18","mainEntityOfPage":"https:\/\/www.josu.cz\/privatni-virivka\/","author":{"@type":"Person","@id":"https:\/\/www.josu.cz\/author\/#Person","name":"","url":"https:\/\/www.josu.cz\/author\/","identifier":1,"image":{"@type":"ImageObject","@id":"https:\/\/secure.gravatar.com\/avatar\/5522eb0fc8481dea5f6519f6a0b15ee2c46358d48429b281fd7c49cbb5a929f9?s=96&d=mm&r=g","url":"https:\/\/secure.gravatar.com\/avatar\/5522eb0fc8481dea5f6519f6a0b15ee2c46358d48429b281fd7c49cbb5a929f9?s=96&d=mm&r=g","height":96,"width":96}},"publisher":{"@type":"Organization","name":"josu.cz","logo":{"@type":"ImageObject","@id":"\/logo.png","url":"\/logo.png","width":600,"height":60}},"image":null,"wordCount":263,"keywords":null},{"@type":"Article","@id":"https:\/\/www.josu.cz\/motoinzerce\/","headline":"Motoinzerce","url":"https:\/\/www.josu.cz\/motoinzerce\/","datePublished":"2025-04-13","dateModified":"2025-04-13","mainEntityOfPage":"https:\/\/www.josu.cz\/motoinzerce\/","author":{"@type":"Person","@id":"https:\/\/www.josu.cz\/author\/#Person","name":"","url":"https:\/\/www.josu.cz\/author\/","identifier":1,"image":{"@type":"ImageObject","@id":"https:\/\/secure.gravatar.com\/avatar\/5522eb0fc8481dea5f6519f6a0b15ee2c46358d48429b281fd7c49cbb5a929f9?s=96&d=mm&r=g","url":"https:\/\/secure.gravatar.com\/avatar\/5522eb0fc8481dea5f6519f6a0b15ee2c46358d48429b281fd7c49cbb5a929f9?s=96&d=mm&r=g","height":96,"width":96}},"publisher":{"@type":"Organization","name":"josu.cz","logo":{"@type":"ImageObject","@id":"\/logo.png","url":"\/logo.png","width":600,"height":60}},"image":null,"wordCount":218,"keywords":null}]},{"@context":"https:\/\/schema.org","@type":"WebSite","@id":"https:\/\/www.josu.cz\/#website","name":"Josu","url":"https:\/\/www.josu.cz","potentialAction":{"@type":"SearchAction","target":"https:\/\/www.josu.cz\/?s={search_term_string}","query-input":"required name=search_term_string"}}]