[{"@context":"https:\/\/schema.org\/","@type":"Article","@id":"https:\/\/www.josu.cz\/5-kroku-k-uspesnemu-webu\/#Article","mainEntityOfPage":"https:\/\/www.josu.cz\/5-kroku-k-uspesnemu-webu\/","headline":"5 krok\u016f k \u00fasp\u011b\u0161n\u00e9mu webu","name":"5 krok\u016f k \u00fasp\u011b\u0161n\u00e9mu webu","description":"1)&nbsp;&nbsp;&nbsp;&nbsp; P\u0159ehlednost Rozhodn\u011b to nepodce\u0148te s&nbsp;p\u0159ehlednost\u00ed. P\u0159edstavte si, \u017ee vlezete na n\u011bjak\u00fd nep\u0159ehledn\u00fd web, kde bude p\u00e1t\u00e9 p\u0159es dev\u00e1t\u00e9 a nevyzn\u00e1te se tam &ndash; pak ten web opust\u00edte, \u017ee? Nebo t\u0159eba \u0161patn\u00e1 volba p\u00edsma, kter\u00e9 nejde p\u0159e\u010d\u00edst (a\u0165 u\u017e velikostn\u011b nebo barvou). V\u017eijte se do k\u016f\u017ee \u010dlov\u011bka, kter\u00fd v\u00e1\u0161 web nav\u0161t\u00edv\u00ed a p\u0159em\u00fd\u0161lejte jako on. [&hellip;]","datePublished":"2019-06-12","dateModified":"2023-05-07","author":{"@type":"Person","@id":"https:\/\/www.josu.cz\/author\/#Person","name":"","url":"https:\/\/www.josu.cz\/author\/","identifier":1,"image":{"@type":"ImageObject","@id":"https:\/\/secure.gravatar.com\/avatar\/5522eb0fc8481dea5f6519f6a0b15ee2c46358d48429b281fd7c49cbb5a929f9?s=96&d=mm&r=g","url":"https:\/\/secure.gravatar.com\/avatar\/5522eb0fc8481dea5f6519f6a0b15ee2c46358d48429b281fd7c49cbb5a929f9?s=96&d=mm&r=g","height":96,"width":96}},"publisher":{"@type":"Organization","name":"josu.cz","logo":{"@type":"ImageObject","@id":"\/logo.png","url":"\/logo.png","width":600,"height":60}},"image":{"@type":"ImageObject","@id":"https:\/\/www.josu.cz\/wp-content\/uploads\/img_a347862_w2939_t1562420478.jpg","url":"https:\/\/www.josu.cz\/wp-content\/uploads\/img_a347862_w2939_t1562420478.jpg","height":0,"width":0},"url":"https:\/\/www.josu.cz\/5-kroku-k-uspesnemu-webu\/","about":["Web"],"wordCount":454,"articleBody":"\t1)&nbsp;&nbsp;&nbsp;&nbsp; P\u0159ehlednostRozhodn\u011b to nepodce\u0148te s&nbsp;p\u0159ehlednost\u00ed. P\u0159edstavte si, \u017ee vlezete na n\u011bjak\u00fd nep\u0159ehledn\u00fd web, kde bude p\u00e1t\u00e9 p\u0159es dev\u00e1t\u00e9 a nevyzn\u00e1te se tam &ndash; pak ten web opust\u00edte, \u017ee? Nebo t\u0159eba \u0161patn\u00e1 volba p\u00edsma, kter\u00e9 nejde p\u0159e\u010d\u00edst (a\u0165 u\u017e velikostn\u011b nebo barvou). V\u017eijte se do k\u016f\u017ee \u010dlov\u011bka, kter\u00fd v\u00e1\u0161 web nav\u0161t\u00edv\u00ed a p\u0159em\u00fd\u0161lejte jako on. Nebude toti\u017e slo\u017eit\u011b hledat n\u011bjakou v\u011bc. To rad\u0161i p\u016fjde na web jin\u00fd, kde to bude lep\u0161\u00ed. Pokud si nejste jisti, sv\u011b\u0159te web do ruky odborn\u00edk\u016fm.&nbsp;\t2)&nbsp;&nbsp;&nbsp;&nbsp; EmotikonyRad\u0161i uvedu i to, \u017ee se tam nehod\u00ed \u017e\u00e1dn\u00e9 emotikony. P\u016fsob\u00ed to neprofesion\u00e1ln\u011b. Proto je pou\u017e\u00edvejte jen v&nbsp;chatu s&nbsp;p\u0159\u00e1teli, ale na web to nepat\u0159\u00ed. Bohu\u017eel jsem toto vid\u011bla u spoustu web\u016f, ale je to \u0161patn\u011b.&nbsp;\t3)&nbsp;&nbsp;&nbsp;&nbsp; Zam\u011b\u0159en\u00edO \u010dem v\u00e1\u0161 web je? Pravd\u011bpodobn\u011b budete n\u011bco nab\u00edzet. Kdy\u017e tedy budete d\u011blat t\u0159eba web k&nbsp;va\u0161emu kade\u0159nictv\u00ed, tak tam pochopiteln\u011b nebudete d\u00e1vat nic o va\u0159en\u00ed. M\u011bli byste se toho striktn\u011b dr\u017eet, i kdy\u017e tohle je sp\u00ed\u0161e probl\u00e9m blog\u016f. Sla\u010fte s&nbsp;va\u0161\u00edm zam\u011b\u0159en\u00edm i vzhled a vyberte p\u0159\u00edjemnou barvu. Pokud bude zam\u0159en\u00fd na ochranu p\u0159\u00edrody, tak tam bude zelen\u00e1, ne \u010derven\u00e1. Mo\u017en\u00e1 si \u0159\u00edk\u00e1te, \u017ee je to snad jasn\u00e9&hellip; ale vid\u011bli jste, kolik web\u016f je ud\u011blan\u00fdch dost zmaten\u011b?&nbsp;\t4)&nbsp;&nbsp;&nbsp;&nbsp; Zv\u00fdrazn\u011bn\u00edZkuste ud\u011blat v\u00fdrazn\u011bj\u0161\u00ed v\u011bci, na kter\u00e9 chcete n\u00e1v\u0161t\u011bvn\u00edka nal\u00e1kat. Nemus\u00ed mu tam blikat zelen\u011b, \u017ee to chce koupit, ale&hellip; jen ho nav\u00e9st na to, aby to tla\u010d\u00edtko bylo v\u00fdrazn\u011bj\u0161\u00ed ne\u017e to ostatn\u00ed &ndash; nejhor\u0161\u00ed je, kdy\u017e to spl\u00fdv\u00e1. Proto se zamyslete, jak bude reagovat \u010dlov\u011bk, kter\u00fd k&nbsp;v\u00e1m zav\u00edt\u00e1. Bude mu ur\u010dit\u011b p\u0159\u00edjemn\u011bj\u0161\u00ed, kdy\u017e to na n\u011bj nebude hr\u00e1t v\u0161emo\u017en\u00fdmi barvami, nemysl\u00edte?&nbsp;\t5)&nbsp;&nbsp;&nbsp;&nbsp; O mn\u011bBudete muset napsat n\u011bco o sob\u011b, kdo jste apod. Pot\u0159ebujete z\u00edskat n\u00e1v\u0161t\u011bvn\u00edkovou d\u016fv\u011bru a to nen\u00ed tak lehk\u00e9. Va\u0161e ,,zbra\u0148&ldquo; je tedy v&nbsp;sekci, kde p\u00ed\u0161ete o sob\u011b. Jednodu\u0161e se popi\u0161te, charakterizujte sv\u016fj produkt nebo slu\u017eby a dejte tam n\u011bjakou svou vhodnou fotku. Fotkou nic nezkaz\u00edte, ba naopak!                                                                                                                                                                                                                                                                                                                                                                                        3.9\/5 - (9 votes)        "},{"@context":"https:\/\/schema.org\/","@type":"BreadcrumbList","itemListElement":[{"@type":"ListItem","position":1,"name":"5 krok\u016f k \u00fasp\u011b\u0161n\u00e9mu webu","item":"https:\/\/www.josu.cz\/5-kroku-k-uspesnemu-webu\/#breadcrumbitem"}]}]